{"id":723,"date":"2025-04-17T17:58:45","date_gmt":"2025-04-17T15:58:45","guid":{"rendered":"https:\/\/thomas-bedel.de\/patio\/?p=723"},"modified":"2025-04-25T08:55:24","modified_gmt":"2025-04-25T06:55:24","slug":"1963-figur-1","status":"publish","type":"post","link":"https:\/\/thomas-bedel.de\/patio\/1963-figur-1\/","title":{"rendered":"1963 &#8211; Figur 1"},"content":{"rendered":"<p class=\"p1\"><span style=\"font-family: tahoma, arial, helvetica, sans-serif;\">Accrochage zum Erscheinen des gleichnamigen grafischen Jahrbuches der Galerie Patio mit: Horst Baerenz, Mario Barahona, Thomas Bayrle, Eberhard Behr, Dieter Bortfeldt, Stanley Brouwn, Klaus Burkhardt, Bernd Damke, W.P.E. Eggers, Henk Estau, Hella Fischer-Thorer, Georg H\u00f6ge, Bernhard J\u00e4ger, Werner Kausch, Rolf Kissel, Walter Kroe, Hans Walter L\u00e4mmerhirt, G\u00fcnter Nawrot, Wolfgang Petrick, Hans Roosen, Johannes Schreiter, Helmut Sch\u00fctz, Rainer Schwarz, Arno Waldschmidt, Hannes Weidemann, Walter Zimbrich.<\/span><\/p>\n<p class=\"p1\"><span style=\"font-family: tahoma, arial, helvetica, sans-serif;\">Das Plakat zur Ausstellung ist eine Originallithographie von Bayrle &amp; J\u00e4ger.<\/span><\/p>\n\n\t\t<style type=\"text\/css\">\n\t\t\t#gallery-1 {\n\t\t\t\tmargin: auto;\n\t\t\t}\n\t\t\t#gallery-1 .gallery-item {\n\t\t\t\tfloat: left;\n\t\t\t\tmargin-top: 10px;\n\t\t\t\ttext-align: center;\n\t\t\t\twidth: 50%;\n\t\t\t}\n\t\t\t#gallery-1 img {\n\t\t\t\tborder: 2px solid #cfcfcf;\n\t\t\t}\n\t\t\t#gallery-1 .gallery-caption {\n\t\t\t\tmargin-left: 0;\n\t\t\t}\n\t\t\t\/* see gallery_shortcode() in wp-includes\/media.php *\/\n\t\t<\/style>\n\t\t<div id='gallery-1' class='gallery galleryid-723 gallery-columns-2 gallery-size-medium'><dl class='gallery-item'>\n\t\t\t<dt class='gallery-icon portrait'>\n\t\t\t\t<a href='https:\/\/thomas-bedel.de\/patio\/figur-1\/figur1_4\/'><img width=\"181\" height=\"300\" src=\"https:\/\/thomas-bedel.de\/patio\/wp-content\/uploads\/sites\/3\/2025\/03\/Figur1_4-181x300.jpg\" class=\"attachment-medium size-medium\" alt=\"\" decoding=\"async\" loading=\"lazy\" aria-describedby=\"gallery-1-281\" srcset=\"https:\/\/thomas-bedel.de\/patio\/wp-content\/uploads\/sites\/3\/2025\/03\/Figur1_4-181x300.jpg 181w, https:\/\/thomas-bedel.de\/patio\/wp-content\/uploads\/sites\/3\/2025\/03\/Figur1_4-616x1024.jpg 616w, https:\/\/thomas-bedel.de\/patio\/wp-content\/uploads\/sites\/3\/2025\/03\/Figur1_4-768x1276.jpg 768w, https:\/\/thomas-bedel.de\/patio\/wp-content\/uploads\/sites\/3\/2025\/03\/Figur1_4.jpg 903w\" sizes=\"(max-width: 181px) 100vw, 181px\" \/><\/a>\n\t\t\t<\/dt>\n\t\t\t\t<dd class='wp-caption-text gallery-caption' id='gallery-1-281'>\n\t\t\t\tOP 3.10.1963\n\t\t\t\t<\/dd><\/dl><dl class='gallery-item'>\n\t\t\t<dt class='gallery-icon portrait'>\n\t\t\t\t<a href='https:\/\/thomas-bedel.de\/patio\/figur-1\/figur1_1\/'><img width=\"297\" height=\"300\" src=\"https:\/\/thomas-bedel.de\/patio\/wp-content\/uploads\/sites\/3\/2025\/03\/Figur1_1-297x300.jpg\" class=\"attachment-medium size-medium\" alt=\"\" decoding=\"async\" loading=\"lazy\" srcset=\"https:\/\/thomas-bedel.de\/patio\/wp-content\/uploads\/sites\/3\/2025\/03\/Figur1_1-297x300.jpg 297w, https:\/\/thomas-bedel.de\/patio\/wp-content\/uploads\/sites\/3\/2025\/03\/Figur1_1-1015x1024.jpg 1015w, https:\/\/thomas-bedel.de\/patio\/wp-content\/uploads\/sites\/3\/2025\/03\/Figur1_1-768x775.jpg 768w, https:\/\/thomas-bedel.de\/patio\/wp-content\/uploads\/sites\/3\/2025\/03\/Figur1_1.jpg 1487w\" sizes=\"(max-width: 297px) 100vw, 297px\" \/><\/a>\n\t\t\t<\/dt><\/dl><br style=\"clear: both\" \/><dl class='gallery-item'>\n\t\t\t<dt class='gallery-icon portrait'>\n\t\t\t\t<a href='https:\/\/thomas-bedel.de\/patio\/figur-1\/figur1_2\/'><img width=\"296\" height=\"300\" src=\"https:\/\/thomas-bedel.de\/patio\/wp-content\/uploads\/sites\/3\/2025\/03\/Figur1_2-296x300.jpg\" class=\"attachment-medium size-medium\" alt=\"\" decoding=\"async\" loading=\"lazy\" aria-describedby=\"gallery-1-279\" srcset=\"https:\/\/thomas-bedel.de\/patio\/wp-content\/uploads\/sites\/3\/2025\/03\/Figur1_2-296x300.jpg 296w, https:\/\/thomas-bedel.de\/patio\/wp-content\/uploads\/sites\/3\/2025\/03\/Figur1_2-1010x1024.jpg 1010w, https:\/\/thomas-bedel.de\/patio\/wp-content\/uploads\/sites\/3\/2025\/03\/Figur1_2-768x779.jpg 768w, https:\/\/thomas-bedel.de\/patio\/wp-content\/uploads\/sites\/3\/2025\/03\/Figur1_2.jpg 1479w\" sizes=\"(max-width: 296px) 100vw, 296px\" \/><\/a>\n\t\t\t<\/dt>\n\t\t\t\t<dd class='wp-caption-text gallery-caption' id='gallery-1-279'>\n\t\t\t\tW.Zimbrich, H.Baerenz\n\t\t\t\t<\/dd><\/dl><dl class='gallery-item'>\n\t\t\t<dt class='gallery-icon landscape'>\n\t\t\t\t<a href='https:\/\/thomas-bedel.de\/patio\/figur-1\/figur1_3\/'><img width=\"300\" height=\"296\" src=\"https:\/\/thomas-bedel.de\/patio\/wp-content\/uploads\/sites\/3\/2025\/03\/Figur1_3-300x296.jpg\" class=\"attachment-medium size-medium\" alt=\"\" decoding=\"async\" loading=\"lazy\" srcset=\"https:\/\/thomas-bedel.de\/patio\/wp-content\/uploads\/sites\/3\/2025\/03\/Figur1_3-300x296.jpg 300w, https:\/\/thomas-bedel.de\/patio\/wp-content\/uploads\/sites\/3\/2025\/03\/Figur1_3-1024x1011.jpg 1024w, https:\/\/thomas-bedel.de\/patio\/wp-content\/uploads\/sites\/3\/2025\/03\/Figur1_3-768x758.jpg 768w, https:\/\/thomas-bedel.de\/patio\/wp-content\/uploads\/sites\/3\/2025\/03\/Figur1_3.jpg 1519w\" sizes=\"(max-width: 300px) 100vw, 300px\" \/><\/a>\n\t\t\t<\/dt><\/dl><br style=\"clear: both\" \/>\n\t\t<\/div>\n\n<p><a href=\"https:\/\/thomas-bedel.de\/patio\/wp-content\/uploads\/sites\/3\/2025\/03\/Figur-1.jpg\"><img decoding=\"async\" loading=\"lazy\" class=\"size-medium wp-image-357 aligncenter\" src=\"https:\/\/thomas-bedel.de\/patio\/wp-content\/uploads\/sites\/3\/2025\/03\/Figur-1-108x300.jpg\" alt=\"\" width=\"108\" height=\"300\" srcset=\"https:\/\/thomas-bedel.de\/patio\/wp-content\/uploads\/sites\/3\/2025\/03\/Figur-1-108x300.jpg 108w, https:\/\/thomas-bedel.de\/patio\/wp-content\/uploads\/sites\/3\/2025\/03\/Figur-1-369x1024.jpg 369w, https:\/\/thomas-bedel.de\/patio\/wp-content\/uploads\/sites\/3\/2025\/03\/Figur-1-554x1536.jpg 554w, https:\/\/thomas-bedel.de\/patio\/wp-content\/uploads\/sites\/3\/2025\/03\/Figur-1.jpg 721w\" sizes=\"(max-width: 108px) 100vw, 108px\" \/><\/a><\/p>\n","protected":false},"excerpt":{"rendered":"<p>Accrochage zum Erscheinen des gleichnamigen grafischen Jahrbuches der Galerie Patio mit: Horst Baerenz, Mario Barahona, Thomas Bayrle, Eberhard Behr, Dieter Bortfeldt, Stanley Brouwn, Klaus Burkhardt, Bernd Damke, W.P.E. Eggers, Henk Estau, Hella Fischer-Thorer, Georg H\u00f6ge, Bernhard J\u00e4ger, Werner Kausch, Rolf Kissel, Walter Kroe, Hans Walter L\u00e4mmerhirt, G\u00fcnter Nawrot, Wolfgang Petrick, Hans Roosen, Johannes Schreiter, Helmut<\/p>\n","protected":false},"author":1,"featured_media":0,"comment_status":"closed","ping_status":"closed","sticky":false,"template":"","format":"standard","meta":{"_coblocks_attr":"","_coblocks_dimensions":"","_coblocks_responsive_height":"","_coblocks_accordion_ie_support":"","_links_to":"","_links_to_target":""},"categories":[1],"tags":[],"_links":{"self":[{"href":"https:\/\/thomas-bedel.de\/patio\/wp-json\/wp\/v2\/posts\/723"}],"collection":[{"href":"https:\/\/thomas-bedel.de\/patio\/wp-json\/wp\/v2\/posts"}],"about":[{"href":"https:\/\/thomas-bedel.de\/patio\/wp-json\/wp\/v2\/types\/post"}],"author":[{"embeddable":true,"href":"https:\/\/thomas-bedel.de\/patio\/wp-json\/wp\/v2\/users\/1"}],"replies":[{"embeddable":true,"href":"https:\/\/thomas-bedel.de\/patio\/wp-json\/wp\/v2\/comments?post=723"}],"version-history":[{"count":8,"href":"https:\/\/thomas-bedel.de\/patio\/wp-json\/wp\/v2\/posts\/723\/revisions"}],"predecessor-version":[{"id":1030,"href":"https:\/\/thomas-bedel.de\/patio\/wp-json\/wp\/v2\/posts\/723\/revisions\/1030"}],"wp:attachment":[{"href":"https:\/\/thomas-bedel.de\/patio\/wp-json\/wp\/v2\/media?parent=723"}],"wp:term":[{"taxonomy":"category","embeddable":true,"href":"https:\/\/thomas-bedel.de\/patio\/wp-json\/wp\/v2\/categories?post=723"},{"taxonomy":"post_tag","embeddable":true,"href":"https:\/\/thomas-bedel.de\/patio\/wp-json\/wp\/v2\/tags?post=723"}],"curies":[{"name":"wp","href":"https:\/\/api.w.org\/{rel}","templated":true}]}}