{"id":747,"date":"2025-04-17T21:33:03","date_gmt":"2025-04-17T19:33:03","guid":{"rendered":"https:\/\/thomas-bedel.de\/patio\/?p=747"},"modified":"2025-05-09T11:04:09","modified_gmt":"2025-05-09T09:04:09","slug":"1964-dieter-wetzk","status":"publish","type":"post","link":"https:\/\/thomas-bedel.de\/patio\/1964-dieter-wetzk\/","title":{"rendered":"1964 &#8211; Dieter Wetzk"},"content":{"rendered":"<p><span style=\"font-family: tahoma, arial, helvetica, sans-serif;\">Gem\u00e4lde.<\/span><br \/>\n<span style=\"font-family: tahoma, arial, helvetica, sans-serif;\">Ged\u00e4chtnisaustellung f\u00fcr den am 7. April 1963 t\u00f6dlich verungl\u00fcckten Mitgr\u00fcnder der Patio Gruppe.<\/span><\/p>\n\n\t\t<style type=\"text\/css\">\n\t\t\t#gallery-1 {\n\t\t\t\tmargin: auto;\n\t\t\t}\n\t\t\t#gallery-1 .gallery-item {\n\t\t\t\tfloat: left;\n\t\t\t\tmargin-top: 10px;\n\t\t\t\ttext-align: center;\n\t\t\t\twidth: 50%;\n\t\t\t}\n\t\t\t#gallery-1 img {\n\t\t\t\tborder: 2px solid #cfcfcf;\n\t\t\t}\n\t\t\t#gallery-1 .gallery-caption {\n\t\t\t\tmargin-left: 0;\n\t\t\t}\n\t\t\t\/* see gallery_shortcode() in wp-includes\/media.php *\/\n\t\t<\/style>\n\t\t<div id='gallery-1' class='gallery galleryid-747 gallery-columns-2 gallery-size-medium'><dl class='gallery-item'>\n\t\t\t<dt class='gallery-icon landscape'>\n\t\t\t\t<a href='https:\/\/thomas-bedel.de\/patio\/dieter-wetzk\/wetzk_1\/'><img width=\"300\" height=\"207\" src=\"https:\/\/thomas-bedel.de\/patio\/wp-content\/uploads\/sites\/3\/2025\/04\/Wetzk_1-300x207.jpg\" class=\"attachment-medium size-medium\" alt=\"\" decoding=\"async\" loading=\"lazy\" srcset=\"https:\/\/thomas-bedel.de\/patio\/wp-content\/uploads\/sites\/3\/2025\/04\/Wetzk_1-300x207.jpg 300w, https:\/\/thomas-bedel.de\/patio\/wp-content\/uploads\/sites\/3\/2025\/04\/Wetzk_1-1024x705.jpg 1024w, https:\/\/thomas-bedel.de\/patio\/wp-content\/uploads\/sites\/3\/2025\/04\/Wetzk_1-768x529.jpg 768w, https:\/\/thomas-bedel.de\/patio\/wp-content\/uploads\/sites\/3\/2025\/04\/Wetzk_1.jpg 1200w\" sizes=\"(max-width: 300px) 100vw, 300px\" \/><\/a>\n\t\t\t<\/dt><\/dl><dl class='gallery-item'>\n\t\t\t<dt class='gallery-icon portrait'>\n\t\t\t\t<a href='https:\/\/thomas-bedel.de\/patio\/dieter-wetzk\/wetzk_artikel\/'><img width=\"239\" height=\"300\" src=\"https:\/\/thomas-bedel.de\/patio\/wp-content\/uploads\/sites\/3\/2025\/04\/Wetzk_Artikel-239x300.jpg\" class=\"attachment-medium size-medium\" alt=\"\" decoding=\"async\" loading=\"lazy\" aria-describedby=\"gallery-1-559\" srcset=\"https:\/\/thomas-bedel.de\/patio\/wp-content\/uploads\/sites\/3\/2025\/04\/Wetzk_Artikel-239x300.jpg 239w, https:\/\/thomas-bedel.de\/patio\/wp-content\/uploads\/sites\/3\/2025\/04\/Wetzk_Artikel-817x1024.jpg 817w, https:\/\/thomas-bedel.de\/patio\/wp-content\/uploads\/sites\/3\/2025\/04\/Wetzk_Artikel-768x963.jpg 768w, https:\/\/thomas-bedel.de\/patio\/wp-content\/uploads\/sites\/3\/2025\/04\/Wetzk_Artikel.jpg 1200w\" sizes=\"(max-width: 239px) 100vw, 239px\" \/><\/a>\n\t\t\t<\/dt>\n\t\t\t\t<dd class='wp-caption-text gallery-caption' id='gallery-1-559'>\n\t\t\t\tOP &#8211; 10.3.1964\n\t\t\t\t<\/dd><\/dl><br style=\"clear: both\" \/>\n\t\t<\/div>\n\n","protected":false},"excerpt":{"rendered":"<p>Gem\u00e4lde. Ged\u00e4chtnisaustellung f\u00fcr den am 7. April 1963 t\u00f6dlich verungl\u00fcckten Mitgr\u00fcnder der Patio Gruppe.<\/p>\n","protected":false},"author":1,"featured_media":0,"comment_status":"closed","ping_status":"closed","sticky":false,"template":"","format":"standard","meta":{"_coblocks_attr":"","_coblocks_dimensions":"","_coblocks_responsive_height":"","_coblocks_accordion_ie_support":"","_links_to":"","_links_to_target":""},"categories":[1],"tags":[],"_links":{"self":[{"href":"https:\/\/thomas-bedel.de\/patio\/wp-json\/wp\/v2\/posts\/747"}],"collection":[{"href":"https:\/\/thomas-bedel.de\/patio\/wp-json\/wp\/v2\/posts"}],"about":[{"href":"https:\/\/thomas-bedel.de\/patio\/wp-json\/wp\/v2\/types\/post"}],"author":[{"embeddable":true,"href":"https:\/\/thomas-bedel.de\/patio\/wp-json\/wp\/v2\/users\/1"}],"replies":[{"embeddable":true,"href":"https:\/\/thomas-bedel.de\/patio\/wp-json\/wp\/v2\/comments?post=747"}],"version-history":[{"count":3,"href":"https:\/\/thomas-bedel.de\/patio\/wp-json\/wp\/v2\/posts\/747\/revisions"}],"predecessor-version":[{"id":1040,"href":"https:\/\/thomas-bedel.de\/patio\/wp-json\/wp\/v2\/posts\/747\/revisions\/1040"}],"wp:attachment":[{"href":"https:\/\/thomas-bedel.de\/patio\/wp-json\/wp\/v2\/media?parent=747"}],"wp:term":[{"taxonomy":"category","embeddable":true,"href":"https:\/\/thomas-bedel.de\/patio\/wp-json\/wp\/v2\/categories?post=747"},{"taxonomy":"post_tag","embeddable":true,"href":"https:\/\/thomas-bedel.de\/patio\/wp-json\/wp\/v2\/tags?post=747"}],"curies":[{"name":"wp","href":"https:\/\/api.w.org\/{rel}","templated":true}]}}