{"id":780,"date":"2025-04-18T13:16:40","date_gmt":"2025-04-18T11:16:40","guid":{"rendered":"https:\/\/thomas-bedel.de\/patio\/?p=780"},"modified":"2025-05-09T11:10:18","modified_gmt":"2025-05-09T09:10:18","slug":"1965-indianerpatio","status":"publish","type":"post","link":"https:\/\/thomas-bedel.de\/patio\/1965-indianerpatio\/","title":{"rendered":"1965 &#8211; \tIndianerpatio"},"content":{"rendered":"<p class=\"p1\"><span style=\"font-family: tahoma, arial, helvetica, sans-serif;\">Erste Einladungsausstellung der Galerie Patio zu einem thematischen Stichwort: Horst Baerenz, Bayrle &amp; J\u00e4ger, Paulus B\u00f6hmer, Stanley Brouwn, Klaus Burkhardt, Bruno Erdmann, Etzel Klomsdorff, Walter Kroe, Franz Mon, Siegfried Reich an der Stolpe, Michael R\u00f6gler, Fritz Scherff, Werner Schreib, Helmut Sch\u00fctz, G\u00fcnter Schulz- Ihlefeldt, Klaus Sperber, Peter Steinforth, Peter Thoms, Hermann Tomada, Walter Zimbrich.<\/span><\/p>\n<p class=\"p1\"><span style=\"font-family: tahoma, arial, helvetica, sans-serif;\">Als Juroren f\u00fcr die Verleihung der Patioh\u00e4uptlingsehrenfedern fungierten Hans A. Halbey, Walter E. Richartz und Adam Seide.<\/span><\/p>\n\n\t\t<style type=\"text\/css\">\n\t\t\t#gallery-1 {\n\t\t\t\tmargin: auto;\n\t\t\t}\n\t\t\t#gallery-1 .gallery-item {\n\t\t\t\tfloat: left;\n\t\t\t\tmargin-top: 10px;\n\t\t\t\ttext-align: center;\n\t\t\t\twidth: 50%;\n\t\t\t}\n\t\t\t#gallery-1 img {\n\t\t\t\tborder: 2px solid #cfcfcf;\n\t\t\t}\n\t\t\t#gallery-1 .gallery-caption {\n\t\t\t\tmargin-left: 0;\n\t\t\t}\n\t\t\t\/* see gallery_shortcode() in wp-includes\/media.php *\/\n\t\t<\/style>\n\t\t<div id='gallery-1' class='gallery galleryid-780 gallery-columns-2 gallery-size-medium'><dl class='gallery-item'>\n\t\t\t<dt class='gallery-icon portrait'>\n\t\t\t\t<a href='https:\/\/thomas-bedel.de\/patio\/indianerpatio\/indianerpatio\/'><img width=\"202\" height=\"300\" src=\"https:\/\/thomas-bedel.de\/patio\/wp-content\/uploads\/sites\/3\/2025\/03\/Indianerpatio-202x300.jpg\" class=\"attachment-medium size-medium\" alt=\"\" decoding=\"async\" loading=\"lazy\" srcset=\"https:\/\/thomas-bedel.de\/patio\/wp-content\/uploads\/sites\/3\/2025\/03\/Indianerpatio-202x300.jpg 202w, https:\/\/thomas-bedel.de\/patio\/wp-content\/uploads\/sites\/3\/2025\/03\/Indianerpatio-691x1024.jpg 691w, https:\/\/thomas-bedel.de\/patio\/wp-content\/uploads\/sites\/3\/2025\/03\/Indianerpatio-768x1138.jpg 768w, https:\/\/thomas-bedel.de\/patio\/wp-content\/uploads\/sites\/3\/2025\/03\/Indianerpatio.jpg 1012w\" sizes=\"(max-width: 202px) 100vw, 202px\" \/><\/a>\n\t\t\t<\/dt><\/dl><dl class='gallery-item'>\n\t\t\t<dt class='gallery-icon portrait'>\n\t\t\t\t<a href='https:\/\/thomas-bedel.de\/patio\/indianerpatio\/indianerpatio-3\/'><img width=\"268\" height=\"300\" src=\"https:\/\/thomas-bedel.de\/patio\/wp-content\/uploads\/sites\/3\/2025\/04\/indianerpatio-268x300.jpg\" class=\"attachment-medium size-medium\" alt=\"\" decoding=\"async\" loading=\"lazy\" srcset=\"https:\/\/thomas-bedel.de\/patio\/wp-content\/uploads\/sites\/3\/2025\/04\/indianerpatio-268x300.jpg 268w, https:\/\/thomas-bedel.de\/patio\/wp-content\/uploads\/sites\/3\/2025\/04\/indianerpatio-768x860.jpg 768w, https:\/\/thomas-bedel.de\/patio\/wp-content\/uploads\/sites\/3\/2025\/04\/indianerpatio.jpg 800w\" sizes=\"(max-width: 268px) 100vw, 268px\" \/><\/a>\n\t\t\t<\/dt><\/dl><br style=\"clear: both\" \/><dl class='gallery-item'>\n\t\t\t<dt class='gallery-icon portrait'>\n\t\t\t\t<a href='https:\/\/thomas-bedel.de\/patio\/indianerpatio\/indianerpatio-1\/'><img width=\"240\" height=\"300\" src=\"https:\/\/thomas-bedel.de\/patio\/wp-content\/uploads\/sites\/3\/2025\/04\/Indianerpatio-1-240x300.jpg\" class=\"attachment-medium size-medium\" alt=\"\" decoding=\"async\" loading=\"lazy\" srcset=\"https:\/\/thomas-bedel.de\/patio\/wp-content\/uploads\/sites\/3\/2025\/04\/Indianerpatio-1-240x300.jpg 240w, https:\/\/thomas-bedel.de\/patio\/wp-content\/uploads\/sites\/3\/2025\/04\/Indianerpatio-1-818x1024.jpg 818w, https:\/\/thomas-bedel.de\/patio\/wp-content\/uploads\/sites\/3\/2025\/04\/Indianerpatio-1-768x962.jpg 768w, https:\/\/thomas-bedel.de\/patio\/wp-content\/uploads\/sites\/3\/2025\/04\/Indianerpatio-1.jpg 1198w\" sizes=\"(max-width: 240px) 100vw, 240px\" \/><\/a>\n\t\t\t<\/dt><\/dl><dl class='gallery-item'>\n\t\t\t<dt class='gallery-icon portrait'>\n\t\t\t\t<a href='https:\/\/thomas-bedel.de\/patio\/indianerpatio\/indianerpatio-2\/'><img width=\"242\" height=\"300\" src=\"https:\/\/thomas-bedel.de\/patio\/wp-content\/uploads\/sites\/3\/2025\/04\/Indianerpatio-2-242x300.jpg\" class=\"attachment-medium size-medium\" alt=\"\" decoding=\"async\" loading=\"lazy\" srcset=\"https:\/\/thomas-bedel.de\/patio\/wp-content\/uploads\/sites\/3\/2025\/04\/Indianerpatio-2-242x300.jpg 242w, https:\/\/thomas-bedel.de\/patio\/wp-content\/uploads\/sites\/3\/2025\/04\/Indianerpatio-2-827x1024.jpg 827w, https:\/\/thomas-bedel.de\/patio\/wp-content\/uploads\/sites\/3\/2025\/04\/Indianerpatio-2-768x950.jpg 768w, https:\/\/thomas-bedel.de\/patio\/wp-content\/uploads\/sites\/3\/2025\/04\/Indianerpatio-2.jpg 1212w\" sizes=\"(max-width: 242px) 100vw, 242px\" \/><\/a>\n\t\t\t<\/dt><\/dl><br style=\"clear: both\" \/><dl class='gallery-item'>\n\t\t\t<dt class='gallery-icon portrait'>\n\t\t\t\t<a href='https:\/\/thomas-bedel.de\/patio\/indianerpatio\/artikel\/'><img width=\"138\" height=\"300\" src=\"https:\/\/thomas-bedel.de\/patio\/wp-content\/uploads\/sites\/3\/2025\/04\/Artikel-138x300.jpg\" class=\"attachment-medium size-medium\" alt=\"\" decoding=\"async\" loading=\"lazy\" srcset=\"https:\/\/thomas-bedel.de\/patio\/wp-content\/uploads\/sites\/3\/2025\/04\/Artikel-138x300.jpg 138w, https:\/\/thomas-bedel.de\/patio\/wp-content\/uploads\/sites\/3\/2025\/04\/Artikel-469x1024.jpg 469w, https:\/\/thomas-bedel.de\/patio\/wp-content\/uploads\/sites\/3\/2025\/04\/Artikel-768x1675.jpg 768w, https:\/\/thomas-bedel.de\/patio\/wp-content\/uploads\/sites\/3\/2025\/04\/Artikel-704x1536.jpg 704w, https:\/\/thomas-bedel.de\/patio\/wp-content\/uploads\/sites\/3\/2025\/04\/Artikel.jpg 850w\" sizes=\"(max-width: 138px) 100vw, 138px\" \/><\/a>\n\t\t\t<\/dt><\/dl>\n\t\t\t<br style='clear: both' \/>\n\t\t<\/div>\n\n","protected":false},"excerpt":{"rendered":"<p>Erste Einladungsausstellung der Galerie Patio zu einem thematischen Stichwort: Horst Baerenz, Bayrle &amp; J\u00e4ger, Paulus B\u00f6hmer, Stanley Brouwn, Klaus Burkhardt, Bruno Erdmann, Etzel Klomsdorff, Walter Kroe, Franz Mon, Siegfried Reich an der Stolpe, Michael R\u00f6gler, Fritz Scherff, Werner Schreib, Helmut Sch\u00fctz, G\u00fcnter Schulz- Ihlefeldt, Klaus Sperber, Peter Steinforth, Peter Thoms, Hermann Tomada, Walter Zimbrich. Als<\/p>\n","protected":false},"author":1,"featured_media":0,"comment_status":"closed","ping_status":"closed","sticky":false,"template":"","format":"standard","meta":{"_coblocks_attr":"","_coblocks_dimensions":"","_coblocks_responsive_height":"","_coblocks_accordion_ie_support":"","_links_to":"","_links_to_target":""},"categories":[1],"tags":[],"_links":{"self":[{"href":"https:\/\/thomas-bedel.de\/patio\/wp-json\/wp\/v2\/posts\/780"}],"collection":[{"href":"https:\/\/thomas-bedel.de\/patio\/wp-json\/wp\/v2\/posts"}],"about":[{"href":"https:\/\/thomas-bedel.de\/patio\/wp-json\/wp\/v2\/types\/post"}],"author":[{"embeddable":true,"href":"https:\/\/thomas-bedel.de\/patio\/wp-json\/wp\/v2\/users\/1"}],"replies":[{"embeddable":true,"href":"https:\/\/thomas-bedel.de\/patio\/wp-json\/wp\/v2\/comments?post=780"}],"version-history":[{"count":3,"href":"https:\/\/thomas-bedel.de\/patio\/wp-json\/wp\/v2\/posts\/780\/revisions"}],"predecessor-version":[{"id":1044,"href":"https:\/\/thomas-bedel.de\/patio\/wp-json\/wp\/v2\/posts\/780\/revisions\/1044"}],"wp:attachment":[{"href":"https:\/\/thomas-bedel.de\/patio\/wp-json\/wp\/v2\/media?parent=780"}],"wp:term":[{"taxonomy":"category","embeddable":true,"href":"https:\/\/thomas-bedel.de\/patio\/wp-json\/wp\/v2\/categories?post=780"},{"taxonomy":"post_tag","embeddable":true,"href":"https:\/\/thomas-bedel.de\/patio\/wp-json\/wp\/v2\/tags?post=780"}],"curies":[{"name":"wp","href":"https:\/\/api.w.org\/{rel}","templated":true}]}}