{"id":819,"date":"2025-04-18T15:37:09","date_gmt":"2025-04-18T13:37:09","guid":{"rendered":"https:\/\/thomas-bedel.de\/patio\/?p=819"},"modified":"2025-05-09T11:29:08","modified_gmt":"2025-05-09T09:29:08","slug":"1967-weihnachtsbackkunstmesse","status":"publish","type":"post","link":"https:\/\/thomas-bedel.de\/patio\/1967-weihnachtsbackkunstmesse\/","title":{"rendered":"1967 &#8211; Weihnachtsbackkunstmesse"},"content":{"rendered":"<p class=\"p1\"><span style=\"font-family: tahoma, arial, helvetica, sans-serif;\">4. Einladungsausstellung der Galerie Patio zu einem Themenstichwort.<br \/>\n<\/span><span style=\"font-family: tahoma, arial, helvetica, sans-serif;\">Michael Badura, Horst Baerenz, Thomas Bayrle, Dieter Bechtloff, Burkhard Brunn, Bernhard J\u00e4ger, Nikolaus Jungwirth, Klaus M\u00fcnchschwander, Siegfried Neuenhausen, Siegfried Reich an der Stolpe, Walter E. Richartz, G\u00fcnter Scherer, Uve Schmidt, Werner Schreib, Renate Splitt, Klaus Staeck, Timm Ulrichs und Walter Zimbrich backen in der Laubestr. 24 <\/span><span style=\"font-family: tahoma, arial, helvetica, sans-serif;\">Kunst aus Pl\u00e4tzchenteig.<br \/>\n<\/span><span style=\"font-family: tahoma, arial, helvetica, sans-serif;\">Zur Ausstellung erscheint: Walter E. Richartz, \u201eManif-Esst! Die S-Kunst.&#8220;<\/span><\/p>\n\n\t\t<style type=\"text\/css\">\n\t\t\t#gallery-1 {\n\t\t\t\tmargin: auto;\n\t\t\t}\n\t\t\t#gallery-1 .gallery-item {\n\t\t\t\tfloat: left;\n\t\t\t\tmargin-top: 10px;\n\t\t\t\ttext-align: center;\n\t\t\t\twidth: 50%;\n\t\t\t}\n\t\t\t#gallery-1 img {\n\t\t\t\tborder: 2px solid #cfcfcf;\n\t\t\t}\n\t\t\t#gallery-1 .gallery-caption {\n\t\t\t\tmargin-left: 0;\n\t\t\t}\n\t\t\t\/* see gallery_shortcode() in wp-includes\/media.php *\/\n\t\t<\/style>\n\t\t<div id='gallery-1' class='gallery galleryid-819 gallery-columns-2 gallery-size-medium'><dl class='gallery-item'>\n\t\t\t<dt class='gallery-icon portrait'>\n\t\t\t\t<a href='https:\/\/thomas-bedel.de\/patio\/backkunst\/backkunst\/'><img width=\"213\" height=\"300\" src=\"https:\/\/thomas-bedel.de\/patio\/wp-content\/uploads\/sites\/3\/2025\/03\/BackKunst-213x300.jpg\" class=\"attachment-medium size-medium\" alt=\"\" decoding=\"async\" loading=\"lazy\" srcset=\"https:\/\/thomas-bedel.de\/patio\/wp-content\/uploads\/sites\/3\/2025\/03\/BackKunst-213x300.jpg 213w, https:\/\/thomas-bedel.de\/patio\/wp-content\/uploads\/sites\/3\/2025\/03\/BackKunst-726x1024.jpg 726w, https:\/\/thomas-bedel.de\/patio\/wp-content\/uploads\/sites\/3\/2025\/03\/BackKunst-768x1083.jpg 768w, https:\/\/thomas-bedel.de\/patio\/wp-content\/uploads\/sites\/3\/2025\/03\/BackKunst.jpg 1064w\" sizes=\"(max-width: 213px) 100vw, 213px\" \/><\/a>\n\t\t\t<\/dt><\/dl>\n\t\t\t<br style='clear: both' \/>\n\t\t<\/div>\n\n","protected":false},"excerpt":{"rendered":"<p>4. Einladungsausstellung der Galerie Patio zu einem Themenstichwort. Michael Badura, Horst Baerenz, Thomas Bayrle, Dieter Bechtloff, Burkhard Brunn, Bernhard J\u00e4ger, Nikolaus Jungwirth, Klaus M\u00fcnchschwander, Siegfried Neuenhausen, Siegfried Reich an der Stolpe, Walter E. Richartz, G\u00fcnter Scherer, Uve Schmidt, Werner Schreib, Renate Splitt, Klaus Staeck, Timm Ulrichs und Walter Zimbrich backen in der Laubestr. 24 Kunst<\/p>\n","protected":false},"author":1,"featured_media":0,"comment_status":"closed","ping_status":"closed","sticky":false,"template":"","format":"standard","meta":{"_coblocks_attr":"","_coblocks_dimensions":"","_coblocks_responsive_height":"","_coblocks_accordion_ie_support":"","_links_to":"","_links_to_target":""},"categories":[1],"tags":[],"_links":{"self":[{"href":"https:\/\/thomas-bedel.de\/patio\/wp-json\/wp\/v2\/posts\/819"}],"collection":[{"href":"https:\/\/thomas-bedel.de\/patio\/wp-json\/wp\/v2\/posts"}],"about":[{"href":"https:\/\/thomas-bedel.de\/patio\/wp-json\/wp\/v2\/types\/post"}],"author":[{"embeddable":true,"href":"https:\/\/thomas-bedel.de\/patio\/wp-json\/wp\/v2\/users\/1"}],"replies":[{"embeddable":true,"href":"https:\/\/thomas-bedel.de\/patio\/wp-json\/wp\/v2\/comments?post=819"}],"version-history":[{"count":3,"href":"https:\/\/thomas-bedel.de\/patio\/wp-json\/wp\/v2\/posts\/819\/revisions"}],"predecessor-version":[{"id":1055,"href":"https:\/\/thomas-bedel.de\/patio\/wp-json\/wp\/v2\/posts\/819\/revisions\/1055"}],"wp:attachment":[{"href":"https:\/\/thomas-bedel.de\/patio\/wp-json\/wp\/v2\/media?parent=819"}],"wp:term":[{"taxonomy":"category","embeddable":true,"href":"https:\/\/thomas-bedel.de\/patio\/wp-json\/wp\/v2\/categories?post=819"},{"taxonomy":"post_tag","embeddable":true,"href":"https:\/\/thomas-bedel.de\/patio\/wp-json\/wp\/v2\/tags?post=819"}],"curies":[{"name":"wp","href":"https:\/\/api.w.org\/{rel}","templated":true}]}}