{"id":870,"date":"2025-04-18T19:14:21","date_gmt":"2025-04-18T17:14:21","guid":{"rendered":"https:\/\/thomas-bedel.de\/patio\/?p=870"},"modified":"2025-04-18T19:16:23","modified_gmt":"2025-04-18T17:16:23","slug":"1969-1-mobilausstellung","status":"publish","type":"post","link":"https:\/\/thomas-bedel.de\/patio\/1969-1-mobilausstellung\/","title":{"rendered":"1969 &#8211; 1. Mobilausstellung"},"content":{"rendered":"<p>1969 veranstaltete Patio die erste Mobilausstellung. Die Ausstellungsobjekte befinden sich auf einem LKW, der an sechs verschiedenen Pl\u00e4tzen anh\u00e4lt, um dort die Objekte jeweils auszuladen und vor\u00fcbergehend auszustellen. Die Aktion endete durch die Polizei, die ein Kunstwerk beschlagnahmte, in dem ein Huhn in einem K\u00e4fig sa\u00df und durch einen Passanten h\u00e4tte get\u00f6tet werden k\u00f6nnen. Es war die Zeit der Anti-Vietnamkrieg-Demos. Das Huhn \u00fcberlebte dann seinen Besitzer Rudolf Kr\u00e4mer-Badoni um einiges, der sa\u00df geraume Zeit sp\u00e4ter in Hannover tot in einer Stra\u00dfenbahn.<\/p>\n\n\t\t<style type=\"text\/css\">\n\t\t\t#gallery-1 {\n\t\t\t\tmargin: auto;\n\t\t\t}\n\t\t\t#gallery-1 .gallery-item {\n\t\t\t\tfloat: left;\n\t\t\t\tmargin-top: 10px;\n\t\t\t\ttext-align: center;\n\t\t\t\twidth: 50%;\n\t\t\t}\n\t\t\t#gallery-1 img {\n\t\t\t\tborder: 2px solid #cfcfcf;\n\t\t\t}\n\t\t\t#gallery-1 .gallery-caption {\n\t\t\t\tmargin-left: 0;\n\t\t\t}\n\t\t\t\/* see gallery_shortcode() in wp-includes\/media.php *\/\n\t\t<\/style>\n\t\t<div id='gallery-1' class='gallery galleryid-870 gallery-columns-2 gallery-size-medium'><dl class='gallery-item'>\n\t\t\t<dt class='gallery-icon portrait'>\n\t\t\t\t<a href='https:\/\/thomas-bedel.de\/patio\/1-mobilausstellung\/mobilaisselung\/'><img width=\"216\" height=\"300\" src=\"https:\/\/thomas-bedel.de\/patio\/wp-content\/uploads\/sites\/3\/2025\/04\/mobilaisselung-216x300.jpg\" class=\"attachment-medium size-medium\" alt=\"\" decoding=\"async\" loading=\"lazy\" aria-describedby=\"gallery-1-415\" srcset=\"https:\/\/thomas-bedel.de\/patio\/wp-content\/uploads\/sites\/3\/2025\/04\/mobilaisselung-216x300.jpg 216w, https:\/\/thomas-bedel.de\/patio\/wp-content\/uploads\/sites\/3\/2025\/04\/mobilaisselung-737x1024.jpg 737w, https:\/\/thomas-bedel.de\/patio\/wp-content\/uploads\/sites\/3\/2025\/04\/mobilaisselung-768x1067.jpg 768w, https:\/\/thomas-bedel.de\/patio\/wp-content\/uploads\/sites\/3\/2025\/04\/mobilaisselung.jpg 1008w\" sizes=\"(max-width: 216px) 100vw, 216px\" \/><\/a>\n\t\t\t<\/dt>\n\t\t\t\t<dd class='wp-caption-text gallery-caption' id='gallery-1-415'>\n\t\t\t\tPlakat\n\t\t\t\t<\/dd><\/dl><dl class='gallery-item'>\n\t\t\t<dt class='gallery-icon portrait'>\n\t\t\t\t<a href='https:\/\/thomas-bedel.de\/patio\/1-mobilausstellung\/36-stunden_2\/'><img width=\"229\" height=\"300\" src=\"https:\/\/thomas-bedel.de\/patio\/wp-content\/uploads\/sites\/3\/2025\/04\/36-stunden_2-229x300.jpg\" class=\"attachment-medium size-medium\" alt=\"\" decoding=\"async\" loading=\"lazy\" srcset=\"https:\/\/thomas-bedel.de\/patio\/wp-content\/uploads\/sites\/3\/2025\/04\/36-stunden_2-229x300.jpg 229w, https:\/\/thomas-bedel.de\/patio\/wp-content\/uploads\/sites\/3\/2025\/04\/36-stunden_2-782x1024.jpg 782w, https:\/\/thomas-bedel.de\/patio\/wp-content\/uploads\/sites\/3\/2025\/04\/36-stunden_2-768x1006.jpg 768w, https:\/\/thomas-bedel.de\/patio\/wp-content\/uploads\/sites\/3\/2025\/04\/36-stunden_2.jpg 1145w\" sizes=\"(max-width: 229px) 100vw, 229px\" \/><\/a>\n\t\t\t<\/dt><\/dl><br style=\"clear: both\" \/><dl class='gallery-item'>\n\t\t\t<dt class='gallery-icon landscape'>\n\t\t\t\t<a href='https:\/\/thomas-bedel.de\/patio\/1-mobilausstellung\/mobile-kunstausstellung_1\/'><img width=\"300\" height=\"232\" src=\"https:\/\/thomas-bedel.de\/patio\/wp-content\/uploads\/sites\/3\/2025\/04\/mobile-Kunstausstellung_1-300x232.jpg\" class=\"attachment-medium size-medium\" alt=\"\" decoding=\"async\" loading=\"lazy\" srcset=\"https:\/\/thomas-bedel.de\/patio\/wp-content\/uploads\/sites\/3\/2025\/04\/mobile-Kunstausstellung_1-300x232.jpg 300w, https:\/\/thomas-bedel.de\/patio\/wp-content\/uploads\/sites\/3\/2025\/04\/mobile-Kunstausstellung_1-1024x791.jpg 1024w, https:\/\/thomas-bedel.de\/patio\/wp-content\/uploads\/sites\/3\/2025\/04\/mobile-Kunstausstellung_1-768x593.jpg 768w, https:\/\/thomas-bedel.de\/patio\/wp-content\/uploads\/sites\/3\/2025\/04\/mobile-Kunstausstellung_1-1536x1186.jpg 1536w, https:\/\/thomas-bedel.de\/patio\/wp-content\/uploads\/sites\/3\/2025\/04\/mobile-Kunstausstellung_1.jpg 1800w\" sizes=\"(max-width: 300px) 100vw, 300px\" \/><\/a>\n\t\t\t<\/dt><\/dl><dl class='gallery-item'>\n\t\t\t<dt class='gallery-icon landscape'>\n\t\t\t\t<a href='https:\/\/thomas-bedel.de\/patio\/1-mobilausstellung\/36-stunden_1\/'><img width=\"300\" height=\"252\" src=\"https:\/\/thomas-bedel.de\/patio\/wp-content\/uploads\/sites\/3\/2025\/04\/36-stunden_1-300x252.jpg\" class=\"attachment-medium size-medium\" alt=\"\" decoding=\"async\" loading=\"lazy\" srcset=\"https:\/\/thomas-bedel.de\/patio\/wp-content\/uploads\/sites\/3\/2025\/04\/36-stunden_1-300x252.jpg 300w, https:\/\/thomas-bedel.de\/patio\/wp-content\/uploads\/sites\/3\/2025\/04\/36-stunden_1-1024x859.jpg 1024w, https:\/\/thomas-bedel.de\/patio\/wp-content\/uploads\/sites\/3\/2025\/04\/36-stunden_1-768x645.jpg 768w, https:\/\/thomas-bedel.de\/patio\/wp-content\/uploads\/sites\/3\/2025\/04\/36-stunden_1.jpg 1500w\" sizes=\"(max-width: 300px) 100vw, 300px\" \/><\/a>\n\t\t\t<\/dt><\/dl><br style=\"clear: both\" \/><dl class='gallery-item'>\n\t\t\t<dt class='gallery-icon landscape'>\n\t\t\t\t<a href='https:\/\/thomas-bedel.de\/patio\/1-mobilausstellung\/img_0001\/'><img width=\"300\" height=\"297\" src=\"https:\/\/thomas-bedel.de\/patio\/wp-content\/uploads\/sites\/3\/2025\/04\/IMG_0001-300x297.jpg\" class=\"attachment-medium size-medium\" alt=\"\" decoding=\"async\" loading=\"lazy\" aria-describedby=\"gallery-1-405\" srcset=\"https:\/\/thomas-bedel.de\/patio\/wp-content\/uploads\/sites\/3\/2025\/04\/IMG_0001-300x297.jpg 300w, https:\/\/thomas-bedel.de\/patio\/wp-content\/uploads\/sites\/3\/2025\/04\/IMG_0001-1024x1013.jpg 1024w, https:\/\/thomas-bedel.de\/patio\/wp-content\/uploads\/sites\/3\/2025\/04\/IMG_0001-150x150.jpg 150w, https:\/\/thomas-bedel.de\/patio\/wp-content\/uploads\/sites\/3\/2025\/04\/IMG_0001-768x760.jpg 768w, https:\/\/thomas-bedel.de\/patio\/wp-content\/uploads\/sites\/3\/2025\/04\/IMG_0001.jpg 1500w\" sizes=\"(max-width: 300px) 100vw, 300px\" \/><\/a>\n\t\t\t<\/dt>\n\t\t\t\t<dd class='wp-caption-text gallery-caption' id='gallery-1-405'>\n\t\t\t\tOP 27.5.1969\n\t\t\t\t<\/dd><\/dl><dl class='gallery-item'>\n\t\t\t<dt class='gallery-icon portrait'>\n\t\t\t\t<a href='https:\/\/thomas-bedel.de\/patio\/1-mobilausstellung\/img_0002\/'><img width=\"153\" height=\"300\" src=\"https:\/\/thomas-bedel.de\/patio\/wp-content\/uploads\/sites\/3\/2025\/04\/IMG_0002-153x300.jpg\" class=\"attachment-medium size-medium\" alt=\"\" decoding=\"async\" loading=\"lazy\" aria-describedby=\"gallery-1-403\" srcset=\"https:\/\/thomas-bedel.de\/patio\/wp-content\/uploads\/sites\/3\/2025\/04\/IMG_0002-153x300.jpg 153w, https:\/\/thomas-bedel.de\/patio\/wp-content\/uploads\/sites\/3\/2025\/04\/IMG_0002-521x1024.jpg 521w, https:\/\/thomas-bedel.de\/patio\/wp-content\/uploads\/sites\/3\/2025\/04\/IMG_0002.jpg 763w\" sizes=\"(max-width: 153px) 100vw, 153px\" \/><\/a>\n\t\t\t<\/dt>\n\t\t\t\t<dd class='wp-caption-text gallery-caption' id='gallery-1-403'>\n\t\t\t\tFR 28.5.1969\n\t\t\t\t<\/dd><\/dl><br style=\"clear: both\" \/><dl class='gallery-item'>\n\t\t\t<dt class='gallery-icon portrait'>\n\t\t\t\t<a href='https:\/\/thomas-bedel.de\/patio\/1-mobilausstellung\/mobile-kunstausstellung\/'><img width=\"227\" height=\"300\" src=\"https:\/\/thomas-bedel.de\/patio\/wp-content\/uploads\/sites\/3\/2025\/04\/mobile-Kunstausstellung-227x300.jpg\" class=\"attachment-medium size-medium\" alt=\"\" decoding=\"async\" loading=\"lazy\" aria-describedby=\"gallery-1-418\" srcset=\"https:\/\/thomas-bedel.de\/patio\/wp-content\/uploads\/sites\/3\/2025\/04\/mobile-Kunstausstellung-227x300.jpg 227w, https:\/\/thomas-bedel.de\/patio\/wp-content\/uploads\/sites\/3\/2025\/04\/mobile-Kunstausstellung.jpg 568w\" sizes=\"(max-width: 227px) 100vw, 227px\" \/><\/a>\n\t\t\t<\/dt>\n\t\t\t\t<dd class='wp-caption-text gallery-caption' id='gallery-1-418'>\n\t\t\t\tFAZ 27.5.1969\n\t\t\t\t<\/dd><\/dl>\n\t\t\t<br style='clear: both' \/>\n\t\t<\/div>\n\n","protected":false},"excerpt":{"rendered":"<p>1969 veranstaltete Patio die erste Mobilausstellung. Die Ausstellungsobjekte befinden sich auf einem LKW, der an sechs verschiedenen Pl\u00e4tzen anh\u00e4lt, um dort die Objekte jeweils auszuladen und vor\u00fcbergehend auszustellen. Die Aktion endete durch die Polizei, die ein Kunstwerk beschlagnahmte, in dem ein Huhn in einem K\u00e4fig sa\u00df und durch einen Passanten h\u00e4tte get\u00f6tet werden k\u00f6nnen. Es<\/p>\n","protected":false},"author":1,"featured_media":0,"comment_status":"closed","ping_status":"closed","sticky":false,"template":"","format":"standard","meta":{"_coblocks_attr":"","_coblocks_dimensions":"","_coblocks_responsive_height":"","_coblocks_accordion_ie_support":"","_links_to":"","_links_to_target":""},"categories":[1],"tags":[],"_links":{"self":[{"href":"https:\/\/thomas-bedel.de\/patio\/wp-json\/wp\/v2\/posts\/870"}],"collection":[{"href":"https:\/\/thomas-bedel.de\/patio\/wp-json\/wp\/v2\/posts"}],"about":[{"href":"https:\/\/thomas-bedel.de\/patio\/wp-json\/wp\/v2\/types\/post"}],"author":[{"embeddable":true,"href":"https:\/\/thomas-bedel.de\/patio\/wp-json\/wp\/v2\/users\/1"}],"replies":[{"embeddable":true,"href":"https:\/\/thomas-bedel.de\/patio\/wp-json\/wp\/v2\/comments?post=870"}],"version-history":[{"count":3,"href":"https:\/\/thomas-bedel.de\/patio\/wp-json\/wp\/v2\/posts\/870\/revisions"}],"predecessor-version":[{"id":873,"href":"https:\/\/thomas-bedel.de\/patio\/wp-json\/wp\/v2\/posts\/870\/revisions\/873"}],"wp:attachment":[{"href":"https:\/\/thomas-bedel.de\/patio\/wp-json\/wp\/v2\/media?parent=870"}],"wp:term":[{"taxonomy":"category","embeddable":true,"href":"https:\/\/thomas-bedel.de\/patio\/wp-json\/wp\/v2\/categories?post=870"},{"taxonomy":"post_tag","embeddable":true,"href":"https:\/\/thomas-bedel.de\/patio\/wp-json\/wp\/v2\/tags?post=870"}],"curies":[{"name":"wp","href":"https:\/\/api.w.org\/{rel}","templated":true}]}}