{"id":880,"date":"2025-04-18T19:25:40","date_gmt":"2025-04-18T17:25:40","guid":{"rendered":"https:\/\/thomas-bedel.de\/patio\/?p=880"},"modified":"2025-04-18T19:25:40","modified_gmt":"2025-04-18T17:25:40","slug":"1970-36-stunden","status":"publish","type":"post","link":"https:\/\/thomas-bedel.de\/patio\/1970-36-stunden\/","title":{"rendered":"1970 &#8211; 36 Stunden"},"content":{"rendered":"<div class=\"col-md-8 right-sidebar\">\n<div class=\"row\">\n<div id=\"post-656\" class=\"post-656 page type-page status-publish hentry post-container col-md-12\">\n<div class=\"post-article-wrap\">\n<div class=\"post-article page-format\">\n<p class=\"p1\">1970 macht Patio eine einzige Veranstaltung: \u201e36 Stunden\u201c. In den R\u00e4umen von Adam Seide im R\u00f6derbergweg. Das Thema ist \u201eTautologie\u201c. Aus der ganzen Republik kommen K\u00fcnstler angereist, funktionieren Adam Seides Wohnung zum Arbeitsfeld und Nachtlager um; es geht echte 36 Stunden durch. Nur Renate Weh tut nicht mit. Der angelieferte Sand ist ihr nicht fein genug f\u00fcrs Sieben. Er bleibt ungenutzt liegen. Adam verwendet ihn sp\u00e4ter f\u00fcr den Sandspielkasten seines Sohnes Benjamin. In seinem Buch \u201eRebecca\u201c schreibt er sp\u00e4ter dar\u00fcber.<\/p>\n\n\t\t<style type=\"text\/css\">\n\t\t\t#gallery-1 {\n\t\t\t\tmargin: auto;\n\t\t\t}\n\t\t\t#gallery-1 .gallery-item {\n\t\t\t\tfloat: left;\n\t\t\t\tmargin-top: 10px;\n\t\t\t\ttext-align: center;\n\t\t\t\twidth: 50%;\n\t\t\t}\n\t\t\t#gallery-1 img {\n\t\t\t\tborder: 2px solid #cfcfcf;\n\t\t\t}\n\t\t\t#gallery-1 .gallery-caption {\n\t\t\t\tmargin-left: 0;\n\t\t\t}\n\t\t\t\/* see gallery_shortcode() in wp-includes\/media.php *\/\n\t\t<\/style>\n\t\t<div id='gallery-1' class='gallery galleryid-880 gallery-columns-2 gallery-size-medium'><dl class='gallery-item'>\n\t\t\t<dt class='gallery-icon landscape'>\n\t\t\t\t<a href='https:\/\/thomas-bedel.de\/patio\/36-stunden\/adam-seide-2\/'><img width=\"300\" height=\"230\" src=\"https:\/\/thomas-bedel.de\/patio\/wp-content\/uploads\/sites\/3\/2025\/04\/Adam-Seide-2-300x230.jpg\" class=\"attachment-medium size-medium\" alt=\"\" decoding=\"async\" loading=\"lazy\" aria-describedby=\"gallery-1-658\" srcset=\"https:\/\/thomas-bedel.de\/patio\/wp-content\/uploads\/sites\/3\/2025\/04\/Adam-Seide-2-300x230.jpg 300w, https:\/\/thomas-bedel.de\/patio\/wp-content\/uploads\/sites\/3\/2025\/04\/Adam-Seide-2-1024x785.jpg 1024w, https:\/\/thomas-bedel.de\/patio\/wp-content\/uploads\/sites\/3\/2025\/04\/Adam-Seide-2-768x589.jpg 768w, https:\/\/thomas-bedel.de\/patio\/wp-content\/uploads\/sites\/3\/2025\/04\/Adam-Seide-2.jpg 1500w\" sizes=\"(max-width: 300px) 100vw, 300px\" \/><\/a>\n\t\t\t<\/dt>\n\t\t\t\t<dd class='wp-caption-text gallery-caption' id='gallery-1-658'>\n\t\t\t\tAdam Seide\n\t\t\t\t<\/dd><\/dl><dl class='gallery-item'>\n\t\t\t<dt class='gallery-icon landscape'>\n\t\t\t\t<a href='https:\/\/thomas-bedel.de\/patio\/36-stunden\/adam-seide\/'><img width=\"300\" height=\"298\" src=\"https:\/\/thomas-bedel.de\/patio\/wp-content\/uploads\/sites\/3\/2025\/04\/Adam-Seide-300x298.jpg\" class=\"attachment-medium size-medium\" alt=\"\" decoding=\"async\" loading=\"lazy\" aria-describedby=\"gallery-1-657\" srcset=\"https:\/\/thomas-bedel.de\/patio\/wp-content\/uploads\/sites\/3\/2025\/04\/Adam-Seide-300x298.jpg 300w, https:\/\/thomas-bedel.de\/patio\/wp-content\/uploads\/sites\/3\/2025\/04\/Adam-Seide-1024x1016.jpg 1024w, https:\/\/thomas-bedel.de\/patio\/wp-content\/uploads\/sites\/3\/2025\/04\/Adam-Seide-150x150.jpg 150w, https:\/\/thomas-bedel.de\/patio\/wp-content\/uploads\/sites\/3\/2025\/04\/Adam-Seide-768x762.jpg 768w, https:\/\/thomas-bedel.de\/patio\/wp-content\/uploads\/sites\/3\/2025\/04\/Adam-Seide.jpg 1500w\" sizes=\"(max-width: 300px) 100vw, 300px\" \/><\/a>\n\t\t\t<\/dt>\n\t\t\t\t<dd class='wp-caption-text gallery-caption' id='gallery-1-657'>\n\t\t\t\tAdam Seide\n\t\t\t\t<\/dd><\/dl><br style=\"clear: both\" \/>\n\t\t<\/div>\n\n<div class=\"clear\"><\/div>\n<div class=\"contact-form\">\n<div class=\"clear\"><\/div>\n<\/div>\n<\/div>\n<div class=\"clear\"><\/div>\n<\/div>\n<\/div>\n<\/div>\n<\/div>\n<div id=\"sidebar\" class=\"col-md-4 sidebar-area\">\n<div class=\"post-container\">\n<div id=\"nav_menu-3\" class=\"post-article  widget_nav_menu\"><\/div>\n<\/div>\n<\/div>\n","protected":false},"excerpt":{"rendered":"<p>1970 macht Patio eine einzige Veranstaltung: \u201e36 Stunden\u201c. In den R\u00e4umen von Adam Seide im R\u00f6derbergweg. Das Thema ist \u201eTautologie\u201c. Aus der ganzen Republik kommen K\u00fcnstler angereist, funktionieren Adam Seides Wohnung zum Arbeitsfeld und Nachtlager um; es geht echte 36 Stunden durch. Nur Renate Weh tut nicht mit. Der angelieferte Sand ist ihr nicht fein<\/p>\n","protected":false},"author":1,"featured_media":0,"comment_status":"closed","ping_status":"closed","sticky":false,"template":"","format":"standard","meta":{"_coblocks_attr":"","_coblocks_dimensions":"","_coblocks_responsive_height":"","_coblocks_accordion_ie_support":"","_links_to":"","_links_to_target":""},"categories":[1],"tags":[],"_links":{"self":[{"href":"https:\/\/thomas-bedel.de\/patio\/wp-json\/wp\/v2\/posts\/880"}],"collection":[{"href":"https:\/\/thomas-bedel.de\/patio\/wp-json\/wp\/v2\/posts"}],"about":[{"href":"https:\/\/thomas-bedel.de\/patio\/wp-json\/wp\/v2\/types\/post"}],"author":[{"embeddable":true,"href":"https:\/\/thomas-bedel.de\/patio\/wp-json\/wp\/v2\/users\/1"}],"replies":[{"embeddable":true,"href":"https:\/\/thomas-bedel.de\/patio\/wp-json\/wp\/v2\/comments?post=880"}],"version-history":[{"count":1,"href":"https:\/\/thomas-bedel.de\/patio\/wp-json\/wp\/v2\/posts\/880\/revisions"}],"predecessor-version":[{"id":881,"href":"https:\/\/thomas-bedel.de\/patio\/wp-json\/wp\/v2\/posts\/880\/revisions\/881"}],"wp:attachment":[{"href":"https:\/\/thomas-bedel.de\/patio\/wp-json\/wp\/v2\/media?parent=880"}],"wp:term":[{"taxonomy":"category","embeddable":true,"href":"https:\/\/thomas-bedel.de\/patio\/wp-json\/wp\/v2\/categories?post=880"},{"taxonomy":"post_tag","embeddable":true,"href":"https:\/\/thomas-bedel.de\/patio\/wp-json\/wp\/v2\/tags?post=880"}],"curies":[{"name":"wp","href":"https:\/\/api.w.org\/{rel}","templated":true}]}}