{"id":1896,"date":"2025-04-14T19:43:49","date_gmt":"2025-04-14T17:43:49","guid":{"rendered":"https:\/\/thomas-bedel.de\/walter-zimbrich\/?p=1896"},"modified":"2025-04-21T17:25:17","modified_gmt":"2025-04-21T15:25:17","slug":"moraene-xiv","status":"publish","type":"post","link":"https:\/\/thomas-bedel.de\/walter-zimbrich\/moraene-xiv\/","title":{"rendered":"Mor\u00e4ne XIV"},"content":{"rendered":"<table style=\"width: 100%; border-collapse: collapse; border-style: none;\" border=\"0\">\n<tbody>\n<tr>\n<td style=\"width: 50%;\"><span style=\"font-family: tahoma, arial, helvetica, sans-serif;\"><strong>Serie: <\/strong>Mor\u00e4ne<\/span><\/p>\n<hr \/>\n<p><span style=\"font-family: tahoma, arial, helvetica, sans-serif;\"><strong>Technik: <\/strong>Holzrelief<\/span><\/p>\n<p><span style=\"font-family: tahoma, arial, helvetica, sans-serif;\"><strong>Gr\u00f6\u00dfe:<\/strong> 32 x 185 x l0 cm<\/span><\/p>\n<p><span style=\"font-family: tahoma, arial, helvetica, sans-serif;\"><strong>Jahr: <\/strong>1989<\/span><\/p>\n<p><span style=\"font-family: tahoma, arial, helvetica, sans-serif;\"><strong>Werkverzeichnis: <\/strong>Mor\/14\/89<\/span><\/td>\n<td style=\"width: 50%;\"><a href=\"https:\/\/thomas-bedel.de\/walter-zimbrich\/wp-content\/uploads\/sites\/2\/2025\/03\/Mora\u0308ne-XIV.jpg\"><img decoding=\"async\" loading=\"lazy\" class=\"size-medium wp-image-314 aligncenter\" src=\"https:\/\/thomas-bedel.de\/walter-zimbrich\/wp-content\/uploads\/sites\/2\/2025\/03\/Mora\u0308ne-XIV-300x83.jpg\" alt=\"\" width=\"300\" height=\"83\" srcset=\"https:\/\/thomas-bedel.de\/walter-zimbrich\/wp-content\/uploads\/sites\/2\/2025\/03\/Mora\u0308ne-XIV-300x83.jpg 300w, https:\/\/thomas-bedel.de\/walter-zimbrich\/wp-content\/uploads\/sites\/2\/2025\/03\/Mora\u0308ne-XIV-1024x284.jpg 1024w, https:\/\/thomas-bedel.de\/walter-zimbrich\/wp-content\/uploads\/sites\/2\/2025\/03\/Mora\u0308ne-XIV-768x213.jpg 768w, https:\/\/thomas-bedel.de\/walter-zimbrich\/wp-content\/uploads\/sites\/2\/2025\/03\/Mora\u0308ne-XIV.jpg 1500w\" sizes=\"(max-width: 300px) 100vw, 300px\" \/><\/a><\/td>\n<\/tr>\n<\/tbody>\n<\/table>\n","protected":false},"excerpt":{"rendered":"<p>Serie: Mor\u00e4ne Technik: Holzrelief Gr\u00f6\u00dfe: 32 x 185 x l0 cm Jahr: 1989 Werkverzeichnis: Mor\/14\/89<\/p>\n","protected":false},"author":1,"featured_media":0,"comment_status":"closed","ping_status":"closed","sticky":false,"template":"","format":"standard","meta":{"_coblocks_attr":"","_coblocks_dimensions":"","_coblocks_responsive_height":"","_coblocks_accordion_ie_support":"","_links_to":"","_links_to_target":""},"categories":[45],"tags":[],"_links":{"self":[{"href":"https:\/\/thomas-bedel.de\/walter-zimbrich\/wp-json\/wp\/v2\/posts\/1896"}],"collection":[{"href":"https:\/\/thomas-bedel.de\/walter-zimbrich\/wp-json\/wp\/v2\/posts"}],"about":[{"href":"https:\/\/thomas-bedel.de\/walter-zimbrich\/wp-json\/wp\/v2\/types\/post"}],"author":[{"embeddable":true,"href":"https:\/\/thomas-bedel.de\/walter-zimbrich\/wp-json\/wp\/v2\/users\/1"}],"replies":[{"embeddable":true,"href":"https:\/\/thomas-bedel.de\/walter-zimbrich\/wp-json\/wp\/v2\/comments?post=1896"}],"version-history":[{"count":4,"href":"https:\/\/thomas-bedel.de\/walter-zimbrich\/wp-json\/wp\/v2\/posts\/1896\/revisions"}],"predecessor-version":[{"id":2651,"href":"https:\/\/thomas-bedel.de\/walter-zimbrich\/wp-json\/wp\/v2\/posts\/1896\/revisions\/2651"}],"wp:attachment":[{"href":"https:\/\/thomas-bedel.de\/walter-zimbrich\/wp-json\/wp\/v2\/media?parent=1896"}],"wp:term":[{"taxonomy":"category","embeddable":true,"href":"https:\/\/thomas-bedel.de\/walter-zimbrich\/wp-json\/wp\/v2\/categories?post=1896"},{"taxonomy":"post_tag","embeddable":true,"href":"https:\/\/thomas-bedel.de\/walter-zimbrich\/wp-json\/wp\/v2\/tags?post=1896"}],"curies":[{"name":"wp","href":"https:\/\/api.w.org\/{rel}","templated":true}]}}