{"id":2021,"date":"2025-04-15T15:28:35","date_gmt":"2025-04-15T13:28:35","guid":{"rendered":"https:\/\/thomas-bedel.de\/walter-zimbrich\/?p=2021"},"modified":"2025-04-21T15:46:41","modified_gmt":"2025-04-21T13:46:41","slug":"oetzis-hoehle-und-bett","status":"publish","type":"post","link":"https:\/\/thomas-bedel.de\/walter-zimbrich\/oetzis-hoehle-und-bett\/","title":{"rendered":"\u00d6tzis H\u00f6hle und Bett"},"content":{"rendered":"<table style=\"width: 100%; border-collapse: collapse; border-style: none;\" border=\"0\">\n<tbody>\n<tr>\n<td style=\"width: 50%;\">\n<p style=\"text-align: left;\"><span style=\"font-family: tahoma, arial, helvetica, sans-serif;\"><strong>Serie: <\/strong>\u00d6tzi<\/span><\/p>\n<hr \/>\n<p><span style=\"font-family: tahoma, arial, helvetica, sans-serif;\"><strong>Technik: <\/strong>Objektkasten, Holz bemalt<\/span><\/p>\n<p><span style=\"font-family: tahoma, arial, helvetica, sans-serif;\"><strong>Gr\u00f6\u00dfe:<\/strong> 20 X 48 x 10 cm<\/span><\/p>\n<p><span style=\"font-family: tahoma, arial, helvetica, sans-serif;\"><strong>Jahr: <\/strong>1995<\/span><\/p>\n<p><span style=\"font-family: tahoma, arial, helvetica, sans-serif;\"><strong>Werkverzeichnis: <\/strong>\u00d6tzl4\/95<\/span><\/td>\n<td style=\"width: 50%;\"><a href=\"https:\/\/thomas-bedel.de\/walter-zimbrich\/wp-content\/uploads\/sites\/2\/2025\/04\/O\u0308tzis-Chalet-und-Bett.jpg\"><img decoding=\"async\" loading=\"lazy\" class=\"size-medium wp-image-772 aligncenter\" src=\"https:\/\/thomas-bedel.de\/walter-zimbrich\/wp-content\/uploads\/sites\/2\/2025\/04\/O\u0308tzis-Chalet-und-Bett-300x133.jpg\" alt=\"\" width=\"300\" height=\"133\" srcset=\"https:\/\/thomas-bedel.de\/walter-zimbrich\/wp-content\/uploads\/sites\/2\/2025\/04\/O\u0308tzis-Chalet-und-Bett-300x133.jpg 300w, https:\/\/thomas-bedel.de\/walter-zimbrich\/wp-content\/uploads\/sites\/2\/2025\/04\/O\u0308tzis-Chalet-und-Bett-1024x453.jpg 1024w, https:\/\/thomas-bedel.de\/walter-zimbrich\/wp-content\/uploads\/sites\/2\/2025\/04\/O\u0308tzis-Chalet-und-Bett-768x340.jpg 768w, https:\/\/thomas-bedel.de\/walter-zimbrich\/wp-content\/uploads\/sites\/2\/2025\/04\/O\u0308tzis-Chalet-und-Bett.jpg 1500w\" sizes=\"(max-width: 300px) 100vw, 300px\" \/><\/a><\/td>\n<\/tr>\n<\/tbody>\n<\/table>\n","protected":false},"excerpt":{"rendered":"<p>Serie: \u00d6tzi Technik: Objektkasten, Holz bemalt Gr\u00f6\u00dfe: 20 X 48 x 10 cm Jahr: 1995 Werkverzeichnis: \u00d6tzl4\/95<\/p>\n","protected":false},"author":1,"featured_media":0,"comment_status":"closed","ping_status":"closed","sticky":false,"template":"","format":"standard","meta":{"_coblocks_attr":"","_coblocks_dimensions":"","_coblocks_responsive_height":"","_coblocks_accordion_ie_support":"","_links_to":"","_links_to_target":""},"categories":[53],"tags":[],"_links":{"self":[{"href":"https:\/\/thomas-bedel.de\/walter-zimbrich\/wp-json\/wp\/v2\/posts\/2021"}],"collection":[{"href":"https:\/\/thomas-bedel.de\/walter-zimbrich\/wp-json\/wp\/v2\/posts"}],"about":[{"href":"https:\/\/thomas-bedel.de\/walter-zimbrich\/wp-json\/wp\/v2\/types\/post"}],"author":[{"embeddable":true,"href":"https:\/\/thomas-bedel.de\/walter-zimbrich\/wp-json\/wp\/v2\/users\/1"}],"replies":[{"embeddable":true,"href":"https:\/\/thomas-bedel.de\/walter-zimbrich\/wp-json\/wp\/v2\/comments?post=2021"}],"version-history":[{"count":5,"href":"https:\/\/thomas-bedel.de\/walter-zimbrich\/wp-json\/wp\/v2\/posts\/2021\/revisions"}],"predecessor-version":[{"id":2622,"href":"https:\/\/thomas-bedel.de\/walter-zimbrich\/wp-json\/wp\/v2\/posts\/2021\/revisions\/2622"}],"wp:attachment":[{"href":"https:\/\/thomas-bedel.de\/walter-zimbrich\/wp-json\/wp\/v2\/media?parent=2021"}],"wp:term":[{"taxonomy":"category","embeddable":true,"href":"https:\/\/thomas-bedel.de\/walter-zimbrich\/wp-json\/wp\/v2\/categories?post=2021"},{"taxonomy":"post_tag","embeddable":true,"href":"https:\/\/thomas-bedel.de\/walter-zimbrich\/wp-json\/wp\/v2\/tags?post=2021"}],"curies":[{"name":"wp","href":"https:\/\/api.w.org\/{rel}","templated":true}]}}