{"id":2045,"date":"2025-04-16T09:34:40","date_gmt":"2025-04-16T07:34:40","guid":{"rendered":"https:\/\/thomas-bedel.de\/walter-zimbrich\/?p=2045"},"modified":"2025-04-21T15:41:44","modified_gmt":"2025-04-21T13:41:44","slug":"kastanie-hier-haust-der-alte-specht","status":"publish","type":"post","link":"https:\/\/thomas-bedel.de\/walter-zimbrich\/kastanie-hier-haust-der-alte-specht\/","title":{"rendered":"Kastanie \u201eHier haust der alte Specht\u201c"},"content":{"rendered":"<table style=\"width: 100%; border-collapse: collapse; border-style: none; height: 327px;\" border=\"0\">\n<tbody>\n<tr style=\"height: 327px;\">\n<td style=\"width: 50%; height: 327px;\"><span style=\"font-family: tahoma, arial, helvetica, sans-serif;\"><strong>Serie: <\/strong>Von den B\u00e4umen<\/span><\/p>\n<hr \/>\n<p><span style=\"font-family: tahoma, arial, helvetica, sans-serif;\"><strong>Technik: <\/strong>Holzskulptur<\/span><\/p>\n<p><span style=\"font-family: tahoma, arial, helvetica, sans-serif;\"><strong>Gr\u00f6\u00dfe:<\/strong> 87 x 80 x 46 cm<\/span><\/p>\n<p><span style=\"font-family: tahoma, arial, helvetica, sans-serif;\"><strong>Jahr: <\/strong>1997<\/span><\/p>\n<p><span style=\"font-family: tahoma, arial, helvetica, sans-serif;\"><strong>Werkverzeichnis:<\/strong>VdB\/1\/97<\/span><\/td>\n<td style=\"width: 50%; height: 327px;\"><a href=\"https:\/\/thomas-bedel.de\/walter-zimbrich\/wp-content\/uploads\/sites\/2\/2025\/03\/Kastanie-22Hier-haust-der-alte-Specht22.jpg\"><img decoding=\"async\" loading=\"lazy\" class=\"size-medium wp-image-412 aligncenter\" src=\"https:\/\/thomas-bedel.de\/walter-zimbrich\/wp-content\/uploads\/sites\/2\/2025\/03\/Kastanie-22Hier-haust-der-alte-Specht22-224x300.jpg\" alt=\"\" width=\"224\" height=\"300\" srcset=\"https:\/\/thomas-bedel.de\/walter-zimbrich\/wp-content\/uploads\/sites\/2\/2025\/03\/Kastanie-22Hier-haust-der-alte-Specht22-224x300.jpg 224w, https:\/\/thomas-bedel.de\/walter-zimbrich\/wp-content\/uploads\/sites\/2\/2025\/03\/Kastanie-22Hier-haust-der-alte-Specht22-763x1024.jpg 763w, https:\/\/thomas-bedel.de\/walter-zimbrich\/wp-content\/uploads\/sites\/2\/2025\/03\/Kastanie-22Hier-haust-der-alte-Specht22-768x1030.jpg 768w, https:\/\/thomas-bedel.de\/walter-zimbrich\/wp-content\/uploads\/sites\/2\/2025\/03\/Kastanie-22Hier-haust-der-alte-Specht22.jpg 1118w\" sizes=\"(max-width: 224px) 100vw, 224px\" \/><\/a><\/td>\n<\/tr>\n<\/tbody>\n<\/table>\n<p>&nbsp;<\/p>\n","protected":false},"excerpt":{"rendered":"<p>Serie: Von den B\u00e4umen Technik: Holzskulptur Gr\u00f6\u00dfe: 87 x 80 x 46 cm Jahr: 1997 Werkverzeichnis:VdB\/1\/97 &nbsp;<\/p>\n","protected":false},"author":1,"featured_media":0,"comment_status":"closed","ping_status":"closed","sticky":false,"template":"","format":"standard","meta":{"_coblocks_attr":"","_coblocks_dimensions":"","_coblocks_responsive_height":"","_coblocks_accordion_ie_support":"","_links_to":"","_links_to_target":""},"categories":[48],"tags":[],"_links":{"self":[{"href":"https:\/\/thomas-bedel.de\/walter-zimbrich\/wp-json\/wp\/v2\/posts\/2045"}],"collection":[{"href":"https:\/\/thomas-bedel.de\/walter-zimbrich\/wp-json\/wp\/v2\/posts"}],"about":[{"href":"https:\/\/thomas-bedel.de\/walter-zimbrich\/wp-json\/wp\/v2\/types\/post"}],"author":[{"embeddable":true,"href":"https:\/\/thomas-bedel.de\/walter-zimbrich\/wp-json\/wp\/v2\/users\/1"}],"replies":[{"embeddable":true,"href":"https:\/\/thomas-bedel.de\/walter-zimbrich\/wp-json\/wp\/v2\/comments?post=2045"}],"version-history":[{"count":6,"href":"https:\/\/thomas-bedel.de\/walter-zimbrich\/wp-json\/wp\/v2\/posts\/2045\/revisions"}],"predecessor-version":[{"id":2616,"href":"https:\/\/thomas-bedel.de\/walter-zimbrich\/wp-json\/wp\/v2\/posts\/2045\/revisions\/2616"}],"wp:attachment":[{"href":"https:\/\/thomas-bedel.de\/walter-zimbrich\/wp-json\/wp\/v2\/media?parent=2045"}],"wp:term":[{"taxonomy":"category","embeddable":true,"href":"https:\/\/thomas-bedel.de\/walter-zimbrich\/wp-json\/wp\/v2\/categories?post=2045"},{"taxonomy":"post_tag","embeddable":true,"href":"https:\/\/thomas-bedel.de\/walter-zimbrich\/wp-json\/wp\/v2\/tags?post=2045"}],"curies":[{"name":"wp","href":"https:\/\/api.w.org\/{rel}","templated":true}]}}