{"id":2186,"date":"2025-04-16T11:24:24","date_gmt":"2025-04-16T09:24:24","guid":{"rendered":"https:\/\/thomas-bedel.de\/walter-zimbrich\/?p=2186"},"modified":"2025-04-21T15:09:29","modified_gmt":"2025-04-21T13:09:29","slug":"kochender-kessel","status":"publish","type":"post","link":"https:\/\/thomas-bedel.de\/walter-zimbrich\/kochender-kessel\/","title":{"rendered":"Kochender Kessel"},"content":{"rendered":"<table style=\"width: 100%; border-collapse: collapse; border-style: none; height: 327px;\" border=\"0\">\n<tbody>\n<tr style=\"height: 327px;\">\n<td style=\"width: 50%; height: 327px;\">\n<p style=\"text-align: left;\"><span style=\"font-family: tahoma, arial, helvetica, sans-serif;\"><strong>Serie: <\/strong>Warme Wogen wie Wein<\/span><\/p>\n<hr \/>\n<p><span style=\"font-family: tahoma, arial, helvetica, sans-serif;\"><strong>Technik: <\/strong>Aquarell \u00fcber Laserdruck<\/span><\/p>\n<p><span style=\"font-family: tahoma, arial, helvetica, sans-serif;\"><strong>Gr\u00f6\u00dfe:<\/strong> 19 x 25 cm<\/span><\/p>\n<p><span style=\"font-family: tahoma, arial, helvetica, sans-serif;\"><strong>Jahr: <\/strong>2006<\/span><\/p>\n<p><span style=\"font-family: tahoma, arial, helvetica, sans-serif;\"><strong>Werkverzeichnis: <\/strong>WaWo\/\/21\/06<\/span><\/td>\n<td style=\"width: 50%; height: 327px;\"><a href=\"https:\/\/thomas-bedel.de\/walter-zimbrich\/wp-content\/uploads\/sites\/2\/2025\/03\/WaWo-21-06-Kochender-Kessel.jpg\"><img decoding=\"async\" loading=\"lazy\" class=\"size-medium wp-image-493 aligncenter\" src=\"https:\/\/thomas-bedel.de\/walter-zimbrich\/wp-content\/uploads\/sites\/2\/2025\/03\/WaWo-21-06-Kochender-Kessel-300x227.jpg\" alt=\"\" width=\"300\" height=\"227\" srcset=\"https:\/\/thomas-bedel.de\/walter-zimbrich\/wp-content\/uploads\/sites\/2\/2025\/03\/WaWo-21-06-Kochender-Kessel-300x227.jpg 300w, https:\/\/thomas-bedel.de\/walter-zimbrich\/wp-content\/uploads\/sites\/2\/2025\/03\/WaWo-21-06-Kochender-Kessel-1024x775.jpg 1024w, https:\/\/thomas-bedel.de\/walter-zimbrich\/wp-content\/uploads\/sites\/2\/2025\/03\/WaWo-21-06-Kochender-Kessel-768x581.jpg 768w, https:\/\/thomas-bedel.de\/walter-zimbrich\/wp-content\/uploads\/sites\/2\/2025\/03\/WaWo-21-06-Kochender-Kessel.jpg 1500w\" sizes=\"(max-width: 300px) 100vw, 300px\" \/><\/a><\/td>\n<\/tr>\n<\/tbody>\n<\/table>\n<p>&nbsp;<\/p>\n","protected":false},"excerpt":{"rendered":"<p>Serie: Warme Wogen wie Wein Technik: Aquarell \u00fcber Laserdruck Gr\u00f6\u00dfe: 19 x 25 cm Jahr: 2006 Werkverzeichnis: WaWo\/\/21\/06 &nbsp;<\/p>\n","protected":false},"author":1,"featured_media":0,"comment_status":"closed","ping_status":"closed","sticky":false,"template":"","format":"standard","meta":{"_coblocks_attr":"","_coblocks_dimensions":"","_coblocks_responsive_height":"","_coblocks_accordion_ie_support":"","_links_to":"","_links_to_target":""},"categories":[28,51],"tags":[],"_links":{"self":[{"href":"https:\/\/thomas-bedel.de\/walter-zimbrich\/wp-json\/wp\/v2\/posts\/2186"}],"collection":[{"href":"https:\/\/thomas-bedel.de\/walter-zimbrich\/wp-json\/wp\/v2\/posts"}],"about":[{"href":"https:\/\/thomas-bedel.de\/walter-zimbrich\/wp-json\/wp\/v2\/types\/post"}],"author":[{"embeddable":true,"href":"https:\/\/thomas-bedel.de\/walter-zimbrich\/wp-json\/wp\/v2\/users\/1"}],"replies":[{"embeddable":true,"href":"https:\/\/thomas-bedel.de\/walter-zimbrich\/wp-json\/wp\/v2\/comments?post=2186"}],"version-history":[{"count":5,"href":"https:\/\/thomas-bedel.de\/walter-zimbrich\/wp-json\/wp\/v2\/posts\/2186\/revisions"}],"predecessor-version":[{"id":2585,"href":"https:\/\/thomas-bedel.de\/walter-zimbrich\/wp-json\/wp\/v2\/posts\/2186\/revisions\/2585"}],"wp:attachment":[{"href":"https:\/\/thomas-bedel.de\/walter-zimbrich\/wp-json\/wp\/v2\/media?parent=2186"}],"wp:term":[{"taxonomy":"category","embeddable":true,"href":"https:\/\/thomas-bedel.de\/walter-zimbrich\/wp-json\/wp\/v2\/categories?post=2186"},{"taxonomy":"post_tag","embeddable":true,"href":"https:\/\/thomas-bedel.de\/walter-zimbrich\/wp-json\/wp\/v2\/tags?post=2186"}],"curies":[{"name":"wp","href":"https:\/\/api.w.org\/{rel}","templated":true}]}}