{"id":2245,"date":"2025-04-16T15:28:20","date_gmt":"2025-04-16T13:28:20","guid":{"rendered":"https:\/\/thomas-bedel.de\/walter-zimbrich\/?p=2245"},"modified":"2025-04-18T12:20:18","modified_gmt":"2025-04-18T10:20:18","slug":"abracadabra-ii","status":"publish","type":"post","link":"https:\/\/thomas-bedel.de\/walter-zimbrich\/abracadabra-ii\/","title":{"rendered":"Abracadabra II"},"content":{"rendered":"<table style=\"width: 100%; border-collapse: collapse; border-style: none;\" border=\"0\">\n<tbody>\n<tr>\n<td style=\"width: 50%;\"><span style=\"font-family: tahoma, arial, helvetica, sans-serif;\">Klaus M\u00fcnchschwander und Walter Zimbrich<\/span><\/p>\n<hr \/>\n<p style=\"text-align: left;\">\n<p><span style=\"font-family: tahoma, arial, helvetica, sans-serif;\"><strong>Technik: <\/strong>Buchdruck<\/span><\/p>\n<p><span style=\"font-family: tahoma, arial, helvetica, sans-serif;\"><strong>Gr\u00f6\u00dfe:<\/strong> 60 x 90 cm<\/span><\/p>\n<p><span style=\"font-family: tahoma, arial, helvetica, sans-serif;\"><strong>Jahr: <\/strong>2011<\/span><\/p>\n<p>&nbsp;<\/td>\n<td style=\"width: 50%;\"><a href=\"https:\/\/thomas-bedel.de\/walter-zimbrich\/wp-content\/uploads\/sites\/2\/2025\/04\/2011-Abracadabra-II.jpg\"><img decoding=\"async\" loading=\"lazy\" class=\"size-medium wp-image-2209 aligncenter\" src=\"https:\/\/thomas-bedel.de\/walter-zimbrich\/wp-content\/uploads\/sites\/2\/2025\/04\/2011-Abracadabra-II-215x300.jpg\" alt=\"\" width=\"215\" height=\"300\" srcset=\"https:\/\/thomas-bedel.de\/walter-zimbrich\/wp-content\/uploads\/sites\/2\/2025\/04\/2011-Abracadabra-II-215x300.jpg 215w, https:\/\/thomas-bedel.de\/walter-zimbrich\/wp-content\/uploads\/sites\/2\/2025\/04\/2011-Abracadabra-II-734x1024.jpg 734w, https:\/\/thomas-bedel.de\/walter-zimbrich\/wp-content\/uploads\/sites\/2\/2025\/04\/2011-Abracadabra-II-768x1072.jpg 768w, https:\/\/thomas-bedel.de\/walter-zimbrich\/wp-content\/uploads\/sites\/2\/2025\/04\/2011-Abracadabra-II.jpg 1075w\" sizes=\"(max-width: 215px) 100vw, 215px\" \/><\/a><\/td>\n<\/tr>\n<\/tbody>\n<\/table>\n","protected":false},"excerpt":{"rendered":"<p>Klaus M\u00fcnchschwander und Walter Zimbrich Technik: Buchdruck Gr\u00f6\u00dfe: 60 x 90 cm Jahr: 2011 &nbsp;<\/p>\n","protected":false},"author":1,"featured_media":0,"comment_status":"closed","ping_status":"closed","sticky":false,"template":"","format":"standard","meta":{"_coblocks_attr":"","_coblocks_dimensions":"","_coblocks_responsive_height":"","_coblocks_accordion_ie_support":"","_links_to":"","_links_to_target":""},"categories":[52],"tags":[],"_links":{"self":[{"href":"https:\/\/thomas-bedel.de\/walter-zimbrich\/wp-json\/wp\/v2\/posts\/2245"}],"collection":[{"href":"https:\/\/thomas-bedel.de\/walter-zimbrich\/wp-json\/wp\/v2\/posts"}],"about":[{"href":"https:\/\/thomas-bedel.de\/walter-zimbrich\/wp-json\/wp\/v2\/types\/post"}],"author":[{"embeddable":true,"href":"https:\/\/thomas-bedel.de\/walter-zimbrich\/wp-json\/wp\/v2\/users\/1"}],"replies":[{"embeddable":true,"href":"https:\/\/thomas-bedel.de\/walter-zimbrich\/wp-json\/wp\/v2\/comments?post=2245"}],"version-history":[{"count":4,"href":"https:\/\/thomas-bedel.de\/walter-zimbrich\/wp-json\/wp\/v2\/posts\/2245\/revisions"}],"predecessor-version":[{"id":2560,"href":"https:\/\/thomas-bedel.de\/walter-zimbrich\/wp-json\/wp\/v2\/posts\/2245\/revisions\/2560"}],"wp:attachment":[{"href":"https:\/\/thomas-bedel.de\/walter-zimbrich\/wp-json\/wp\/v2\/media?parent=2245"}],"wp:term":[{"taxonomy":"category","embeddable":true,"href":"https:\/\/thomas-bedel.de\/walter-zimbrich\/wp-json\/wp\/v2\/categories?post=2245"},{"taxonomy":"post_tag","embeddable":true,"href":"https:\/\/thomas-bedel.de\/walter-zimbrich\/wp-json\/wp\/v2\/tags?post=2245"}],"curies":[{"name":"wp","href":"https:\/\/api.w.org\/{rel}","templated":true}]}}