{"id":5465,"date":"2026-02-28T22:00:13","date_gmt":"2026-02-28T21:00:13","guid":{"rendered":"https:\/\/thomas-bedel.de\/walter-zimbrich\/?p=5465"},"modified":"2026-02-28T22:00:13","modified_gmt":"2026-02-28T21:00:13","slug":"aven-iii","status":"publish","type":"post","link":"https:\/\/thomas-bedel.de\/walter-zimbrich\/aven-iii\/","title":{"rendered":"Aven III"},"content":{"rendered":"<table style=\"width: 100%; border-collapse: collapse; border-style: none; height: 234px;\" border=\"0\">\n<tbody>\n<tr style=\"height: 234px;\">\n<td style=\"width: 50%; height: 234px;\">\n<p style=\"text-align: left;\"><span style=\"font-family: tahoma, arial, helvetica, sans-serif;\"><strong>Serie:\u00a0<\/strong>Aven<\/span><\/p>\n<hr \/>\n<p><span style=\"font-family: tahoma, arial, helvetica, sans-serif;\"><strong>Technik:<\/strong> Copy \/ \u00d6lkreide<\/span><\/p>\n<p><span style=\"font-family: tahoma, arial, helvetica, sans-serif;\"><strong>Gr\u00f6\u00dfe: <\/strong>25 x 35 cm<\/span><\/p>\n<p><span style=\"font-family: tahoma, arial, helvetica, sans-serif;\"><strong>Jahr: <\/strong>1989<\/span><\/p>\n<p><span style=\"font-family: tahoma, arial, helvetica, sans-serif;\"><strong>Werkverzeichnis:\u00a0<\/strong>AV\/3\/89<\/span><\/td>\n<td style=\"width: 50%; text-align: center; height: 234px;\"><a href=\"https:\/\/thomas-bedel.de\/walter-zimbrich\/wp-content\/uploads\/sites\/2\/2026\/02\/Aven_3.jpg\"><img decoding=\"async\" loading=\"lazy\" class=\"size-medium wp-image-5413\" src=\"https:\/\/thomas-bedel.de\/walter-zimbrich\/wp-content\/uploads\/sites\/2\/2026\/02\/Aven_3-300x214.jpg\" alt=\"\" width=\"300\" height=\"214\" srcset=\"https:\/\/thomas-bedel.de\/walter-zimbrich\/wp-content\/uploads\/sites\/2\/2026\/02\/Aven_3-300x214.jpg 300w, https:\/\/thomas-bedel.de\/walter-zimbrich\/wp-content\/uploads\/sites\/2\/2026\/02\/Aven_3-1024x732.jpg 1024w, https:\/\/thomas-bedel.de\/walter-zimbrich\/wp-content\/uploads\/sites\/2\/2026\/02\/Aven_3-768x549.jpg 768w, https:\/\/thomas-bedel.de\/walter-zimbrich\/wp-content\/uploads\/sites\/2\/2026\/02\/Aven_3.jpg 1500w\" sizes=\"(max-width: 300px) 100vw, 300px\" \/><\/a><\/td>\n<\/tr>\n<\/tbody>\n<\/table>\n","protected":false},"excerpt":{"rendered":"<p>Serie:\u00a0Aven Technik: Copy \/ \u00d6lkreide Gr\u00f6\u00dfe: 25 x 35 cm Jahr: 1989 Werkverzeichnis:\u00a0AV\/3\/89<\/p>\n","protected":false},"author":1,"featured_media":0,"comment_status":"closed","ping_status":"closed","sticky":false,"template":"","format":"standard","meta":{"_coblocks_attr":"","_coblocks_dimensions":"","_coblocks_responsive_height":"","_coblocks_accordion_ie_support":"","_links_to":"","_links_to_target":""},"categories":[67],"tags":[],"_links":{"self":[{"href":"https:\/\/thomas-bedel.de\/walter-zimbrich\/wp-json\/wp\/v2\/posts\/5465"}],"collection":[{"href":"https:\/\/thomas-bedel.de\/walter-zimbrich\/wp-json\/wp\/v2\/posts"}],"about":[{"href":"https:\/\/thomas-bedel.de\/walter-zimbrich\/wp-json\/wp\/v2\/types\/post"}],"author":[{"embeddable":true,"href":"https:\/\/thomas-bedel.de\/walter-zimbrich\/wp-json\/wp\/v2\/users\/1"}],"replies":[{"embeddable":true,"href":"https:\/\/thomas-bedel.de\/walter-zimbrich\/wp-json\/wp\/v2\/comments?post=5465"}],"version-history":[{"count":1,"href":"https:\/\/thomas-bedel.de\/walter-zimbrich\/wp-json\/wp\/v2\/posts\/5465\/revisions"}],"predecessor-version":[{"id":5466,"href":"https:\/\/thomas-bedel.de\/walter-zimbrich\/wp-json\/wp\/v2\/posts\/5465\/revisions\/5466"}],"wp:attachment":[{"href":"https:\/\/thomas-bedel.de\/walter-zimbrich\/wp-json\/wp\/v2\/media?parent=5465"}],"wp:term":[{"taxonomy":"category","embeddable":true,"href":"https:\/\/thomas-bedel.de\/walter-zimbrich\/wp-json\/wp\/v2\/categories?post=5465"},{"taxonomy":"post_tag","embeddable":true,"href":"https:\/\/thomas-bedel.de\/walter-zimbrich\/wp-json\/wp\/v2\/tags?post=5465"}],"curies":[{"name":"wp","href":"https:\/\/api.w.org\/{rel}","templated":true}]}}