{"id":5741,"date":"2026-03-03T11:04:00","date_gmt":"2026-03-03T10:04:00","guid":{"rendered":"https:\/\/thomas-bedel.de\/walter-zimbrich\/?p=5741"},"modified":"2026-03-03T11:04:00","modified_gmt":"2026-03-03T10:04:00","slug":"mejean-viii","status":"publish","type":"post","link":"https:\/\/thomas-bedel.de\/walter-zimbrich\/mejean-viii\/","title":{"rendered":"M\u00e9jean VIII"},"content":{"rendered":"<table style=\"width: 100%; border-collapse: collapse; border-style: none;\" border=\"0\">\n<tbody>\n<tr>\n<td style=\"width: 50%;\">\n<p style=\"text-align: left;\"><span style=\"font-family: tahoma, arial, helvetica, sans-serif;\"><strong>Serie:<\/strong> M\u00e9jean<\/span><\/p>\n<hr \/>\n<p><span style=\"font-family: tahoma, arial, helvetica, sans-serif;\"><strong>Technik:\u00a0<\/strong>Acryl<\/span><\/p>\n<p><span style=\"font-family: tahoma, arial, helvetica, sans-serif;\"><strong>Gr\u00f6\u00dfe:<\/strong> 60 x 84 cm<\/span><\/p>\n<p><span style=\"font-family: tahoma, arial, helvetica, sans-serif;\"><strong>Jahr: <\/strong>1990<\/span><\/p>\n<p><span style=\"font-family: tahoma, arial, helvetica, sans-serif;\"><strong>Werkverzeichnis: <\/strong>M\u00e9\/8\/90<\/span><\/td>\n<td style=\"width: 50%; text-align: center;\"><a href=\"https:\/\/thomas-bedel.de\/walter-zimbrich\/wp-content\/uploads\/sites\/2\/2026\/03\/Mejean_8.jpg\"><img decoding=\"async\" loading=\"lazy\" class=\"size-medium wp-image-5544\" src=\"https:\/\/thomas-bedel.de\/walter-zimbrich\/wp-content\/uploads\/sites\/2\/2026\/03\/Mejean_8-300x224.jpg\" alt=\"\" width=\"300\" height=\"224\" srcset=\"https:\/\/thomas-bedel.de\/walter-zimbrich\/wp-content\/uploads\/sites\/2\/2026\/03\/Mejean_8-300x224.jpg 300w, https:\/\/thomas-bedel.de\/walter-zimbrich\/wp-content\/uploads\/sites\/2\/2026\/03\/Mejean_8-1024x765.jpg 1024w, https:\/\/thomas-bedel.de\/walter-zimbrich\/wp-content\/uploads\/sites\/2\/2026\/03\/Mejean_8-768x574.jpg 768w, https:\/\/thomas-bedel.de\/walter-zimbrich\/wp-content\/uploads\/sites\/2\/2026\/03\/Mejean_8.jpg 1500w\" sizes=\"(max-width: 300px) 100vw, 300px\" \/><\/a><\/td>\n<\/tr>\n<\/tbody>\n<\/table>\n","protected":false},"excerpt":{"rendered":"<p>Serie: M\u00e9jean Technik:\u00a0Acryl Gr\u00f6\u00dfe: 60 x 84 cm Jahr: 1990 Werkverzeichnis: M\u00e9\/8\/90<\/p>\n","protected":false},"author":1,"featured_media":0,"comment_status":"closed","ping_status":"closed","sticky":false,"template":"","format":"standard","meta":{"_coblocks_attr":"","_coblocks_dimensions":"","_coblocks_responsive_height":"","_coblocks_accordion_ie_support":"","_links_to":"","_links_to_target":""},"categories":[50],"tags":[],"_links":{"self":[{"href":"https:\/\/thomas-bedel.de\/walter-zimbrich\/wp-json\/wp\/v2\/posts\/5741"}],"collection":[{"href":"https:\/\/thomas-bedel.de\/walter-zimbrich\/wp-json\/wp\/v2\/posts"}],"about":[{"href":"https:\/\/thomas-bedel.de\/walter-zimbrich\/wp-json\/wp\/v2\/types\/post"}],"author":[{"embeddable":true,"href":"https:\/\/thomas-bedel.de\/walter-zimbrich\/wp-json\/wp\/v2\/users\/1"}],"replies":[{"embeddable":true,"href":"https:\/\/thomas-bedel.de\/walter-zimbrich\/wp-json\/wp\/v2\/comments?post=5741"}],"version-history":[{"count":1,"href":"https:\/\/thomas-bedel.de\/walter-zimbrich\/wp-json\/wp\/v2\/posts\/5741\/revisions"}],"predecessor-version":[{"id":5742,"href":"https:\/\/thomas-bedel.de\/walter-zimbrich\/wp-json\/wp\/v2\/posts\/5741\/revisions\/5742"}],"wp:attachment":[{"href":"https:\/\/thomas-bedel.de\/walter-zimbrich\/wp-json\/wp\/v2\/media?parent=5741"}],"wp:term":[{"taxonomy":"category","embeddable":true,"href":"https:\/\/thomas-bedel.de\/walter-zimbrich\/wp-json\/wp\/v2\/categories?post=5741"},{"taxonomy":"post_tag","embeddable":true,"href":"https:\/\/thomas-bedel.de\/walter-zimbrich\/wp-json\/wp\/v2\/tags?post=5741"}],"curies":[{"name":"wp","href":"https:\/\/api.w.org\/{rel}","templated":true}]}}