{"id":6091,"date":"2026-04-22T14:07:09","date_gmt":"2026-04-22T12:07:09","guid":{"rendered":"https:\/\/thomas-bedel.de\/walter-zimbrich\/?p=6091"},"modified":"2026-04-22T14:07:09","modified_gmt":"2026-04-22T12:07:09","slug":"moraene-skizze-xxvii","status":"publish","type":"post","link":"https:\/\/thomas-bedel.de\/walter-zimbrich\/moraene-skizze-xxvii\/","title":{"rendered":"Mor\u00e4ne (Skizze) XXVII"},"content":{"rendered":"<table style=\"width: 100%; border-collapse: collapse; border-style: none; height: 327px;\" border=\"0\">\n<tbody>\n<tr style=\"height: 327px;\">\n<td style=\"width: 50%; height: 327px;\"><span style=\"font-family: tahoma, arial, helvetica, sans-serif;\"><strong>Serie: <\/strong>Mor\u00e4ne (Skizze)<\/span><\/p>\n<hr \/>\n<p><span style=\"font-family: tahoma, arial, helvetica, sans-serif;\"><strong>Technik: <\/strong>Farbstiftzeichnung<\/span><\/p>\n<p><span style=\"font-family: tahoma, arial, helvetica, sans-serif;\"><strong>Gr\u00f6\u00dfe:<\/strong> 10 x 15 cm<\/span><\/p>\n<p><span style=\"font-family: tahoma, arial, helvetica, sans-serif;\"><strong>Jahr: <\/strong>1988<\/span><\/p>\n<p><span style=\"font-family: tahoma, arial, helvetica, sans-serif;\"><strong>Werkverzeichnis: <\/strong>SkM\/27\/88<\/span><\/td>\n<td style=\"width: 50%; height: 327px; text-align: center;\"><a href=\"https:\/\/thomas-bedel.de\/walter-zimbrich\/wp-content\/uploads\/sites\/2\/2026\/04\/Moraene-Skizze-XXVII.jpg\"><img decoding=\"async\" loading=\"lazy\" class=\"size-medium wp-image-5985\" src=\"https:\/\/thomas-bedel.de\/walter-zimbrich\/wp-content\/uploads\/sites\/2\/2026\/04\/Moraene-Skizze-XXVII-210x300.jpg\" alt=\"\" width=\"210\" height=\"300\" srcset=\"https:\/\/thomas-bedel.de\/walter-zimbrich\/wp-content\/uploads\/sites\/2\/2026\/04\/Moraene-Skizze-XXVII-210x300.jpg 210w, https:\/\/thomas-bedel.de\/walter-zimbrich\/wp-content\/uploads\/sites\/2\/2026\/04\/Moraene-Skizze-XXVII-717x1024.jpg 717w, https:\/\/thomas-bedel.de\/walter-zimbrich\/wp-content\/uploads\/sites\/2\/2026\/04\/Moraene-Skizze-XXVII-768x1097.jpg 768w, https:\/\/thomas-bedel.de\/walter-zimbrich\/wp-content\/uploads\/sites\/2\/2026\/04\/Moraene-Skizze-XXVII.jpg 1050w\" sizes=\"(max-width: 210px) 100vw, 210px\" \/><\/a><\/td>\n<\/tr>\n<\/tbody>\n<\/table>\n<p>&nbsp;<\/p>\n","protected":false},"excerpt":{"rendered":"<p>Serie: Mor\u00e4ne (Skizze) Technik: Farbstiftzeichnung Gr\u00f6\u00dfe: 10 x 15 cm Jahr: 1988 Werkverzeichnis: SkM\/27\/88 &nbsp;<\/p>\n","protected":false},"author":1,"featured_media":0,"comment_status":"closed","ping_status":"closed","sticky":false,"template":"","format":"standard","meta":{"_coblocks_attr":"","_coblocks_dimensions":"","_coblocks_responsive_height":"","_coblocks_accordion_ie_support":"","_links_to":"","_links_to_target":""},"categories":[57],"tags":[],"_links":{"self":[{"href":"https:\/\/thomas-bedel.de\/walter-zimbrich\/wp-json\/wp\/v2\/posts\/6091"}],"collection":[{"href":"https:\/\/thomas-bedel.de\/walter-zimbrich\/wp-json\/wp\/v2\/posts"}],"about":[{"href":"https:\/\/thomas-bedel.de\/walter-zimbrich\/wp-json\/wp\/v2\/types\/post"}],"author":[{"embeddable":true,"href":"https:\/\/thomas-bedel.de\/walter-zimbrich\/wp-json\/wp\/v2\/users\/1"}],"replies":[{"embeddable":true,"href":"https:\/\/thomas-bedel.de\/walter-zimbrich\/wp-json\/wp\/v2\/comments?post=6091"}],"version-history":[{"count":1,"href":"https:\/\/thomas-bedel.de\/walter-zimbrich\/wp-json\/wp\/v2\/posts\/6091\/revisions"}],"predecessor-version":[{"id":6092,"href":"https:\/\/thomas-bedel.de\/walter-zimbrich\/wp-json\/wp\/v2\/posts\/6091\/revisions\/6092"}],"wp:attachment":[{"href":"https:\/\/thomas-bedel.de\/walter-zimbrich\/wp-json\/wp\/v2\/media?parent=6091"}],"wp:term":[{"taxonomy":"category","embeddable":true,"href":"https:\/\/thomas-bedel.de\/walter-zimbrich\/wp-json\/wp\/v2\/categories?post=6091"},{"taxonomy":"post_tag","embeddable":true,"href":"https:\/\/thomas-bedel.de\/walter-zimbrich\/wp-json\/wp\/v2\/tags?post=6091"}],"curies":[{"name":"wp","href":"https:\/\/api.w.org\/{rel}","templated":true}]}}